{"id":8893,"date":"2024-11-08T17:08:19","date_gmt":"2024-11-08T14:08:19","guid":{"rendered":"https:\/\/www.aydinaski.gov.tr\/?p=8893"},"modified":"2024-11-08T17:18:33","modified_gmt":"2024-11-08T14:18:33","slug":"aydin-su-ve-kanalizasyon-idaresi-genel-mudurlugu-2024-yili-kasim-ayi-olagan-genel-kurul-toplanti-daveti","status":"publish","type":"post","link":"https:\/\/www.aydinaski.gov.tr\/index.php\/2024\/11\/08\/aydin-su-ve-kanalizasyon-idaresi-genel-mudurlugu-2024-yili-kasim-ayi-olagan-genel-kurul-toplanti-daveti\/","title":{"rendered":"AYDIN SU VE KANAL\u0130ZASYON \u0130DARES\u0130 GENEL M\u00dcD\u00dcRL\u00dc\u011e\u00dc 2024 YILI KASIM AYI OLA\u011eAN GENEL KURUL TOPLANTI DAVET\u0130"},"content":{"rendered":"\n<p class=\"has-text-align-center\"><strong>T.C.<\/strong><\/p>\n\n\n\n<p class=\"has-text-align-center\"><strong>AYDIN B\u00dcY\u00dcK\u015eEH\u0130R BELED\u0130YE BA\u015eKANLI\u011eI<\/strong><\/p>\n\n\n\n<p class=\"has-text-align-center\"><strong>Ayd\u0131n Su Ve Kanalizasyon \u0130daresi Genel M\u00fcd\u00fcrl\u00fc\u011f\u00fc<\/strong><\/p>\n\n\n\n<p><\/p>\n\n\n\n<p>                  <strong>Say\u0131n:<\/strong><\/p>\n\n\n\n<p>                  <strong>B\u00fcy\u00fck\u015fehir Belediye Meclis \u00dcyesi&nbsp;&nbsp;<\/strong><\/p>\n\n\n\n<p>&nbsp;&nbsp;&nbsp;&nbsp; &nbsp;&nbsp;&nbsp;&nbsp;&nbsp;&nbsp;&nbsp;&nbsp;&nbsp;&nbsp;&nbsp; Ayd\u0131n Su ve Kanalizasyon \u0130daresi (ASK\u0130) Genel Kurul Toplant\u0131s\u0131 2560 Say\u0131l\u0131 Su ve Kanalizasyon \u0130daresi Kanunu\u2019nun 5\u2019inci maddesi gere\u011fince 12 Kas\u0131m 2024 Sal\u0131 g\u00fcn\u00fc saat 16:30\u2019da a\u015fa\u011f\u0131daki g\u00fcndem maddelerini g\u00f6r\u00fc\u015fmek \u00fczere G\u00fczelhisar Mahallesi \u0130stiklal Caddesi No:4\u2019de B\u00fcy\u00fck\u015fehir Belediye Hizmet Binas\u0131nda bulunan Meclis Salonunda yap\u0131lacakt\u0131r.<\/p>\n\n\n\n<p>&nbsp;&nbsp;&nbsp;&nbsp;&nbsp;&nbsp;&nbsp;&nbsp;&nbsp;&nbsp;&nbsp;&nbsp;&nbsp;&nbsp;&nbsp;&nbsp; S\u00f6z konusu toplant\u0131ya kat\u0131lman\u0131z\u0131 \u00f6nemle rica ederim.<\/p>\n\n\n\n<p class=\"has-text-align-right\"><strong>\u00d6zlem \u00c7ER\u00c7\u0130O\u011eLU<\/strong><\/p>\n\n\n\n<p class=\"has-text-align-right\"><strong>B\u00fcy\u00fck\u015fehir Belediye Ba\u015fkan\u0131<\/strong><\/p>\n\n\n\n<h3 class=\"wp-block-heading\">&nbsp;<\/h3>\n\n\n\n<p><strong><u>G\u00dcNDEM:<\/u><\/strong><\/p>\n\n\n\n<p>1. ASK\u0130 Genel M\u00fcd\u00fcrl\u00fc\u011f\u00fc 2025 Y\u0131l\u0131 Performans Program\u0131n\u0131n g\u00f6r\u00fc\u015f\u00fclmesi<\/p>\n\n\n\n<p>2. ASK\u0130 Genel M\u00fcd\u00fcrl\u00fc\u011f\u00fc 2025 Y\u0131l\u0131 Gelir \u00dccret Tarifesinin g\u00f6r\u00fc\u015f\u00fclmesi,<\/p>\n\n\n\n<p>3. ASK\u0130 Genel M\u00fcd\u00fcrl\u00fc\u011f\u00fc 2025 Mali Y\u0131l\u0131 B\u00fct\u00e7e Tasar\u0131s\u0131n\u0131n g\u00f6r\u00fc\u015f\u00fclmesi,<\/p>\n\n\n\n<p>4. ASK\u0130 Genel M\u00fcd\u00fcrl\u00fc\u011f\u00fc 2024 Mali Y\u0131l\u0131 ek \u00f6denek talebinin g\u00f6r\u00fc\u015f\u00fclmesi,<\/p>\n\n\n\n<p>5. ASK\u0130 Genel M\u00fcd\u00fcrl\u00fc\u011f\u00fc Strateji Geli\u015ftirme Daire Ba\u015fkanl\u0131\u011f\u0131 b\u00fcnyesinde bulunan AR-GE \u015eube M\u00fcd\u00fcrl\u00fc\u011f\u00fc ile Emlak ve \u0130stimlak Daire Ba\u015fkanl\u0131\u011f\u0131 b\u00fcnyesinde bulunan Co\u011frafi Bilgi Sistemleri \u015eube M\u00fcd\u00fcrl\u00fc\u011f\u00fcn\u00fcn Et\u00fct ve Plan Daire Ba\u015fkanl\u0131\u011f\u0131na ba\u011flanmas\u0131 suretiyle te\u015fkilat yap\u0131s\u0131nda de\u011fi\u015fiklik yap\u0131lmas\u0131 hususunun g\u00f6r\u00fc\u015f\u00fclmesi,<\/p>\n\n\n\n<p>6. ASK\u0130 Genel M\u00fcd\u00fcrl\u00fc\u011f\u00fc \u0130dari Te\u015fkilat Yap\u0131s\u0131ndaki Mali Hizmetler Daire Ba\u015fkanl\u0131\u011f\u0131na ba\u011fl\u0131 olarak Alacak Takip \u015eube M\u00fcd\u00fcrl\u00fc\u011f\u00fc kurulmas\u0131 suretiyle te\u015fkilat yap\u0131s\u0131nda de\u011fi\u015fiklik yap\u0131lmas\u0131 hususunun g\u00f6r\u00fc\u015f\u00fclmesi,<\/p>\n\n\n\n<p>7. ASK\u0130 Genel M\u00fcd\u00fcrl\u00fc\u011f\u00fcnde 2025 y\u0131l\u0131nda \u00e7al\u0131\u015ft\u0131r\u0131lacak s\u00f6zle\u015fmeli personele \u00f6denecek \u00fccretlerin belirlenmesi hususunun g\u00f6r\u00fc\u015f\u00fclmesi,<\/p>\n\n\n\n<p>8. ASK\u0130 Genel M\u00fcd\u00fcrl\u00fc\u011f\u00fc Te\u015fkilat Y\u00f6netmeli\u011finin g\u00f6r\u00fc\u015f\u00fclmesi.<\/p>\n\n\n\n<p><\/p>\n","protected":false},"excerpt":{"rendered":"<p>AYDIN SU VE KANAL\u0130ZASYON GENEL M\u00dcD\u00dcRL\u00dc\u011e\u00dc 2024 YILI KASIM AYI OLA\u011eAN GENEL KURUL TOPLANTI DAVET\u0130<\/p>\n","protected":false},"author":1,"featured_media":1410,"comment_status":"closed","ping_status":"","sticky":false,"template":"","format":"standard","meta":{"ngg_post_thumbnail":0,"footnotes":""},"categories":[12,9],"tags":[],"class_list":["post-8893","post","type-post","status-publish","format-standard","has-post-thumbnail","hentry","category-duyurular","category-haberler"],"_links":{"self":[{"href":"https:\/\/www.aydinaski.gov.tr\/index.php\/wp-json\/wp\/v2\/posts\/8893","targetHints":{"allow":["GET"]}}],"collection":[{"href":"https:\/\/www.aydinaski.gov.tr\/index.php\/wp-json\/wp\/v2\/posts"}],"about":[{"href":"https:\/\/www.aydinaski.gov.tr\/index.php\/wp-json\/wp\/v2\/types\/post"}],"author":[{"embeddable":true,"href":"https:\/\/www.aydinaski.gov.tr\/index.php\/wp-json\/wp\/v2\/users\/1"}],"replies":[{"embeddable":true,"href":"https:\/\/www.aydinaski.gov.tr\/index.php\/wp-json\/wp\/v2\/comments?post=8893"}],"version-history":[{"count":4,"href":"https:\/\/www.aydinaski.gov.tr\/index.php\/wp-json\/wp\/v2\/posts\/8893\/revisions"}],"predecessor-version":[{"id":8903,"href":"https:\/\/www.aydinaski.gov.tr\/index.php\/wp-json\/wp\/v2\/posts\/8893\/revisions\/8903"}],"wp:featuredmedia":[{"embeddable":true,"href":"https:\/\/www.aydinaski.gov.tr\/index.php\/wp-json\/wp\/v2\/media\/1410"}],"wp:attachment":[{"href":"https:\/\/www.aydinaski.gov.tr\/index.php\/wp-json\/wp\/v2\/media?parent=8893"}],"wp:term":[{"taxonomy":"category","embeddable":true,"href":"https:\/\/www.aydinaski.gov.tr\/index.php\/wp-json\/wp\/v2\/categories?post=8893"},{"taxonomy":"post_tag","embeddable":true,"href":"https:\/\/www.aydinaski.gov.tr\/index.php\/wp-json\/wp\/v2\/tags?post=8893"}],"curies":[{"name":"wp","href":"https:\/\/api.w.org\/{rel}","templated":true}]}}