{"id":8890,"date":"2024-10-28T12:40:57","date_gmt":"2024-10-28T09:40:57","guid":{"rendered":"https:\/\/www.aydinaski.gov.tr\/?p=8890"},"modified":"2024-10-28T12:40:57","modified_gmt":"2024-10-28T09:40:57","slug":"baskan-cercioglu-cumhuriyetimizin-101-yil-donumu-kutlu-olsun","status":"publish","type":"post","link":"https:\/\/www.aydinaski.gov.tr\/index.php\/2024\/10\/28\/baskan-cercioglu-cumhuriyetimizin-101-yil-donumu-kutlu-olsun\/","title":{"rendered":"BA\u015eKAN \u00c7ER\u00c7\u0130O\u011eLU: CUMHUR\u0130YET\u0130M\u0130Z\u0130N 101. YIL D\u00d6N\u00dcM\u00dc KUTLU OLSUN"},"content":{"rendered":"\n<p>Ayd\u0131n B\u00fcy\u00fck\u015fehir Belediye Ba\u015fkan\u0131 \u00d6zlem \u00c7er\u00e7io\u011flu, Cumhuriyetin ilan\u0131n\u0131n 101. y\u0131l d\u00f6n\u00fcm\u00fc nedeniyle bir mesaj yay\u0131mlad\u0131. Ba\u015fkan \u00c7er\u00e7io\u011flu mesaj\u0131nda \u015funlar\u0131 ifade etti: Ulu \u00d6nder Gazi Mustafa Kemal Atat\u00fcrk\u2019\u00fcn \u00f6nderli\u011finde Cumhuriyetimizin ilan\u0131n\u0131n \u00fczerinden 101 y\u0131l ge\u00e7ti. Azimle ve kararl\u0131l\u0131kla kurulan T\u00fcrkiye Cumhuriyeti&#8217;nin 101. kurulu\u015f y\u0131l d\u00f6n\u00fcm\u00fcn\u00fc kutlaman\u0131n gururunu ya\u015f\u0131yoruz. Milletimizin kendi kaderini kendi eline ald\u0131\u011f\u0131 bu kutlu g\u00fcn; milli m\u00fccadelemizin zaferle ta\u00e7land\u0131\u011f\u0131 ve milli iradenin egemen k\u0131l\u0131nd\u0131\u011f\u0131 \u015fanl\u0131 bir d\u00f6n\u00fcm noktas\u0131d\u0131r. Gazi Mustafa Kemal Atat\u00fcrk&#8217;\u00fcn \u2018en b\u00fcy\u00fck eserim\u2019 dedi\u011fi bu miras\u0131 daha da ileriye ta\u015f\u0131mak i\u00e7in hi\u00e7 durmadan \u00e7al\u0131\u015faca\u011f\u0131z. Gazi\u2019nin &#8216;Cumhuriyeti biz kurduk, onu y\u00fckseltecek ve ya\u015fatacak sizlersiniz&#8217; s\u00f6zleriyle bizlere d\u00fc\u015fen, bu k\u0131ymetli miras\u0131 korumak ve gelecek nesillere aktarmakt\u0131r. Bizler de, Cumhuriyetimizin \u00e7a\u011fda\u015f, demokratik, laik ve ayd\u0131nl\u0131k y\u00fcz\u00fc olan T\u00fcrk gen\u00e7li\u011fine bu b\u00fcy\u00fck miras\u0131 emanet edece\u011fiz. \u2018Egemenlik, kay\u0131ts\u0131z \u015farts\u0131z milletindir\u2019 s\u00f6z\u00fcnden ald\u0131\u011f\u0131m\u0131z g\u00fc\u00e7le ise bize verilen hedeflere hi\u00e7 durmadan y\u00fcr\u00fcyecek, Cumhuriyetimizi ikinci y\u00fczy\u0131l\u0131nda da ilelebet ya\u015fataca\u011f\u0131z. Bu duygularla, Cumhuriyetimizin kurulu\u015funun 101. y\u0131l\u0131nda Ayd\u0131nl\u0131lar\u0131n ve milletimizin 29 Ekim Cumhuriyet Bayram\u0131\u2019n\u0131 en i\u00e7ten duygular\u0131mla kutluyor; bizlere Cumhuriyetimizi emanet eden ba\u015fta Ulu \u00d6nder Gazi Mustafa Kemal Atat\u00fcrk ile silah arkada\u015flar\u0131 olmak \u00fczere \u015fehitlerimizi ve gazilerimizi rahmet, minnet ve \u015f\u00fckranla an\u0131yorum.<\/p>\n","protected":false},"excerpt":{"rendered":"<p>Ayd\u0131n B\u00fcy\u00fck\u015fehir Belediye Ba\u015fkan\u0131 \u00d6zlem \u00c7er\u00e7io\u011flu, Cumhuriyetin ilan\u0131n\u0131n 101. y\u0131l d\u00f6n\u00fcm\u00fc nedeniyle bir mesaj yay\u0131mlad\u0131. <\/p>\n","protected":false},"author":1,"featured_media":2632,"comment_status":"closed","ping_status":"","sticky":false,"template":"","format":"standard","meta":{"ngg_post_thumbnail":0,"footnotes":""},"categories":[9],"tags":[],"class_list":["post-8890","post","type-post","status-publish","format-standard","has-post-thumbnail","hentry","category-haberler"],"_links":{"self":[{"href":"https:\/\/www.aydinaski.gov.tr\/index.php\/wp-json\/wp\/v2\/posts\/8890","targetHints":{"allow":["GET"]}}],"collection":[{"href":"https:\/\/www.aydinaski.gov.tr\/index.php\/wp-json\/wp\/v2\/posts"}],"about":[{"href":"https:\/\/www.aydinaski.gov.tr\/index.php\/wp-json\/wp\/v2\/types\/post"}],"author":[{"embeddable":true,"href":"https:\/\/www.aydinaski.gov.tr\/index.php\/wp-json\/wp\/v2\/users\/1"}],"replies":[{"embeddable":true,"href":"https:\/\/www.aydinaski.gov.tr\/index.php\/wp-json\/wp\/v2\/comments?post=8890"}],"version-history":[{"count":1,"href":"https:\/\/www.aydinaski.gov.tr\/index.php\/wp-json\/wp\/v2\/posts\/8890\/revisions"}],"predecessor-version":[{"id":8891,"href":"https:\/\/www.aydinaski.gov.tr\/index.php\/wp-json\/wp\/v2\/posts\/8890\/revisions\/8891"}],"wp:featuredmedia":[{"embeddable":true,"href":"https:\/\/www.aydinaski.gov.tr\/index.php\/wp-json\/wp\/v2\/media\/2632"}],"wp:attachment":[{"href":"https:\/\/www.aydinaski.gov.tr\/index.php\/wp-json\/wp\/v2\/media?parent=8890"}],"wp:term":[{"taxonomy":"category","embeddable":true,"href":"https:\/\/www.aydinaski.gov.tr\/index.php\/wp-json\/wp\/v2\/categories?post=8890"},{"taxonomy":"post_tag","embeddable":true,"href":"https:\/\/www.aydinaski.gov.tr\/index.php\/wp-json\/wp\/v2\/tags?post=8890"}],"curies":[{"name":"wp","href":"https:\/\/api.w.org\/{rel}","templated":true}]}}