{"id":4136,"date":"2023-08-02T14:12:06","date_gmt":"2023-08-02T11:12:06","guid":{"rendered":"https:\/\/www.aydinaski.gov.tr\/?p=4136"},"modified":"2023-08-02T14:12:06","modified_gmt":"2023-08-02T11:12:06","slug":"aydinda-yaz-etkinlikleri-dolu-dizgin-devam-ediyor","status":"publish","type":"post","link":"https:\/\/www.aydinaski.gov.tr\/index.php\/2023\/08\/02\/aydinda-yaz-etkinlikleri-dolu-dizgin-devam-ediyor\/","title":{"rendered":"AYDIN\u2019DA YAZ ETK\u0130NL\u0130KLER\u0130 DOLU D\u0130ZG\u0130N DEVAM ED\u0130YOR"},"content":{"rendered":"\n<p>Ayd\u0131n B\u00fcy\u00fck\u015fehir Belediyesi, Tekstil Park\u2019ta ve Mimar Sinan Park\u0131\u2019nda d\u00fczenledi\u011fi k\u00fclt\u00fcrel etkinliklere h\u0131z kesmeden devam ediyor. Vatanda\u015flar, Tekstil Park\u2019taki m\u00fczik dinletisinde hem keyifli vakit ge\u00e7irdi hem de m\u00fczi\u011fe doydu. A\u00e7\u0131k havada sinema keyfi yapmak isteyen vatanda\u015flar ise Mimar Sinan Park\u0131\u2019nda bulu\u015ftu. Ayd\u0131n B\u00fcy\u00fck\u015fehir Belediye Ba\u015fkan\u0131 \u00d6zlem \u00c7er\u00e7io\u011flu, \u201c<strong>Vatanda\u015flar\u0131m\u0131z\u0131 k\u00fclt\u00fcr ve sanat etkinlikleriyle bulu\u015fturmaya, \u015fehrimizin k\u00fclt\u00fcrel zenginli\u011fini ortaya \u00e7\u0131karmaya devam edece\u011fiz<\/strong>&#8221; dedi.<\/p>\n\n\n\n<p>\u2018<strong>Ya\u015famak G\u00fczel \u015eey<\/strong>\u2019 adl\u0131 filmin g\u00f6steriminin yap\u0131ld\u0131\u011f\u0131 ve ge\u00e7ti\u011fimiz g\u00fcnlerde hizmete a\u00e7\u0131lan Mimar Sinan Park\u0131\u2019na vatanda\u015flar yo\u011fun ilgi g\u00f6sterdi. Tekstil Park\u2019ta d\u00fczenlenen m\u00fczik dinletisi ise vatanda\u015flara unutulmaz bir gece ya\u015fatt\u0131.<\/p>\n\n\n\n<p>Vatanda\u015flar, kendilerini k\u00fclt\u00fcr ve sanat etkinlikleriyle bulu\u015fturan ve yaz ak\u015famlar\u0131n\u0131 keyifli hale getiren \u00c7er\u00e7io\u011flu\u2019na te\u015fekk\u00fcr etti. Etkinlikler a\u011fustos ay\u0131nda da h\u0131z kesmeden devam edecek.<\/p>\n\n\n\n<figure class=\"wp-block-gallery has-nested-images columns-default is-cropped wp-block-gallery-1 is-layout-flex wp-block-gallery-is-layout-flex\">\n<figure class=\"wp-block-image size-large\"><a href=\"https:\/\/www.aydinaski.gov.tr\/wp-content\/uploads\/2023\/08\/foto-1-1.jpg\"><img loading=\"lazy\" decoding=\"async\" width=\"1024\" height=\"576\" data-id=\"4138\" src=\"https:\/\/www.aydinaski.gov.tr\/wp-content\/uploads\/2023\/08\/foto-1-1-1024x576.jpg\" alt=\"\" class=\"wp-image-4138\" srcset=\"https:\/\/www.aydinaski.gov.tr\/wp-content\/uploads\/2023\/08\/foto-1-1-1024x576.jpg 1024w, https:\/\/www.aydinaski.gov.tr\/wp-content\/uploads\/2023\/08\/foto-1-1-300x169.jpg 300w, https:\/\/www.aydinaski.gov.tr\/wp-content\/uploads\/2023\/08\/foto-1-1-768x432.jpg 768w, https:\/\/www.aydinaski.gov.tr\/wp-content\/uploads\/2023\/08\/foto-1-1-1536x864.jpg 1536w, https:\/\/www.aydinaski.gov.tr\/wp-content\/uploads\/2023\/08\/foto-1-1.jpg 1600w\" sizes=\"auto, (max-width: 1024px) 100vw, 1024px\" \/><\/a><\/figure>\n\n\n\n<figure class=\"wp-block-image size-large\"><a href=\"https:\/\/www.aydinaski.gov.tr\/wp-content\/uploads\/2023\/08\/foto-2.jpg\"><img loading=\"lazy\" decoding=\"async\" width=\"1024\" height=\"576\" data-id=\"4140\" src=\"https:\/\/www.aydinaski.gov.tr\/wp-content\/uploads\/2023\/08\/foto-2-1024x576.jpg\" alt=\"\" class=\"wp-image-4140\" srcset=\"https:\/\/www.aydinaski.gov.tr\/wp-content\/uploads\/2023\/08\/foto-2-1024x576.jpg 1024w, https:\/\/www.aydinaski.gov.tr\/wp-content\/uploads\/2023\/08\/foto-2-300x169.jpg 300w, https:\/\/www.aydinaski.gov.tr\/wp-content\/uploads\/2023\/08\/foto-2-768x432.jpg 768w, https:\/\/www.aydinaski.gov.tr\/wp-content\/uploads\/2023\/08\/foto-2-1536x864.jpg 1536w, https:\/\/www.aydinaski.gov.tr\/wp-content\/uploads\/2023\/08\/foto-2.jpg 1600w\" sizes=\"auto, (max-width: 1024px) 100vw, 1024px\" \/><\/a><\/figure>\n\n\n\n<figure class=\"wp-block-image size-large\"><a href=\"https:\/\/www.aydinaski.gov.tr\/wp-content\/uploads\/2023\/08\/foto-3.jpg\"><img loading=\"lazy\" decoding=\"async\" width=\"1024\" height=\"576\" data-id=\"4139\" src=\"https:\/\/www.aydinaski.gov.tr\/wp-content\/uploads\/2023\/08\/foto-3-1024x576.jpg\" alt=\"\" class=\"wp-image-4139\" srcset=\"https:\/\/www.aydinaski.gov.tr\/wp-content\/uploads\/2023\/08\/foto-3-1024x576.jpg 1024w, https:\/\/www.aydinaski.gov.tr\/wp-content\/uploads\/2023\/08\/foto-3-300x169.jpg 300w, https:\/\/www.aydinaski.gov.tr\/wp-content\/uploads\/2023\/08\/foto-3-768x432.jpg 768w, https:\/\/www.aydinaski.gov.tr\/wp-content\/uploads\/2023\/08\/foto-3-1536x864.jpg 1536w, https:\/\/www.aydinaski.gov.tr\/wp-content\/uploads\/2023\/08\/foto-3.jpg 1600w\" sizes=\"auto, (max-width: 1024px) 100vw, 1024px\" \/><\/a><\/figure>\n<\/figure>\n","protected":false},"excerpt":{"rendered":"<p>AYDIN\u2019DA YAZ ETK\u0130NL\u0130KLER\u0130 DOLU D\u0130ZG\u0130N DEVAM ED\u0130YOR<\/p>\n","protected":false},"author":1,"featured_media":4137,"comment_status":"closed","ping_status":"","sticky":false,"template":"","format":"standard","meta":{"ngg_post_thumbnail":0,"footnotes":""},"categories":[9],"tags":[],"class_list":["post-4136","post","type-post","status-publish","format-standard","has-post-thumbnail","hentry","category-haberler"],"_links":{"self":[{"href":"https:\/\/www.aydinaski.gov.tr\/index.php\/wp-json\/wp\/v2\/posts\/4136","targetHints":{"allow":["GET"]}}],"collection":[{"href":"https:\/\/www.aydinaski.gov.tr\/index.php\/wp-json\/wp\/v2\/posts"}],"about":[{"href":"https:\/\/www.aydinaski.gov.tr\/index.php\/wp-json\/wp\/v2\/types\/post"}],"author":[{"embeddable":true,"href":"https:\/\/www.aydinaski.gov.tr\/index.php\/wp-json\/wp\/v2\/users\/1"}],"replies":[{"embeddable":true,"href":"https:\/\/www.aydinaski.gov.tr\/index.php\/wp-json\/wp\/v2\/comments?post=4136"}],"version-history":[{"count":1,"href":"https:\/\/www.aydinaski.gov.tr\/index.php\/wp-json\/wp\/v2\/posts\/4136\/revisions"}],"predecessor-version":[{"id":4141,"href":"https:\/\/www.aydinaski.gov.tr\/index.php\/wp-json\/wp\/v2\/posts\/4136\/revisions\/4141"}],"wp:featuredmedia":[{"embeddable":true,"href":"https:\/\/www.aydinaski.gov.tr\/index.php\/wp-json\/wp\/v2\/media\/4137"}],"wp:attachment":[{"href":"https:\/\/www.aydinaski.gov.tr\/index.php\/wp-json\/wp\/v2\/media?parent=4136"}],"wp:term":[{"taxonomy":"category","embeddable":true,"href":"https:\/\/www.aydinaski.gov.tr\/index.php\/wp-json\/wp\/v2\/categories?post=4136"},{"taxonomy":"post_tag","embeddable":true,"href":"https:\/\/www.aydinaski.gov.tr\/index.php\/wp-json\/wp\/v2\/tags?post=4136"}],"curies":[{"name":"wp","href":"https:\/\/api.w.org\/{rel}","templated":true}]}}