{"id":4004,"date":"2023-07-28T14:51:59","date_gmt":"2023-07-28T11:51:59","guid":{"rendered":"https:\/\/www.aydinaski.gov.tr\/?p=4004"},"modified":"2023-07-28T14:51:59","modified_gmt":"2023-07-28T11:51:59","slug":"kaliteli-ekonomik-hijyenik-ve-guvenilir-ette-aydin-markasi-halk-ege-et","status":"publish","type":"post","link":"https:\/\/www.aydinaski.gov.tr\/index.php\/2023\/07\/28\/kaliteli-ekonomik-hijyenik-ve-guvenilir-ette-aydin-markasi-halk-ege-et\/","title":{"rendered":"KAL\u0130TEL\u0130, EKONOM\u0130K, H\u0130JYEN\u0130K VE G\u00dcVEN\u0130L\u0130R ETTE AYDIN MARKASI: HALK EGE ET"},"content":{"rendered":"\n<p><strong>\u00c7er\u00e7io\u011flu, \u00fcreticiyi desteklerken t\u00fcketicinin de yan\u0131nda yer almaya devam edeceklerini s\u00f6yledi<\/strong><\/p>\n\n\n\n<p>Ekonomide vatanda\u015flar\u0131 zorlayan s\u00fcre\u00e7 her ge\u00e7en g\u00fcn daha da artarken Ayd\u0131n B\u00fcy\u00fck\u015fehir Belediyesi\u2019nin i\u015ftiraki Halk Ege Et g\u00fcvenilir ve ekonomik \u00fcr\u00fcnler sunmay\u0131 s\u00fcrd\u00fcr\u00fcyor. Ayd\u0131n B\u00fcy\u00fck\u015fehir Belediye Ba\u015fkan\u0131 \u00d6zlem \u00c7er\u00e7io\u011flu, Halk Ege Et\u2019le vatanda\u015flar\u0131n et, s\u00fct, s\u00fct \u00fcr\u00fcnleri ve di\u011fer mutfak ihtiya\u00e7lar\u0131n\u0131 ekonomik olarak kar\u015f\u0131lamaya devam edeceklerini s\u00f6yledi. Halk Ege Et\u2019in Ayd\u0131n ve \u0130zmir\u2019deki 14 marketiyle vatanda\u015flara kaliteyi \u00f6nceleyen hizmet verdi\u011fini hat\u0131rlatan \u00c7er\u00e7io\u011flu, <strong>\u201cEt \u00fcr\u00fcnlerinden kad\u0131n kooperatiflerinin \u00fcr\u00fcnlerine kadar geni\u015f yelpazedeki \u00fcr\u00fcn\u00fc Ayd\u0131n B\u00fcy\u00fck\u015fehir Belediyesi g\u00fcvencesiyle vatanda\u015flar\u0131m\u0131za ula\u015ft\u0131rmaya devam edece\u011fiz\u201d<\/strong> ifadelerini kulland\u0131.<\/p>\n\n\n\n<p>Hizmet kalitesini her ge\u00e7en g\u00fcn daha da art\u0131rd\u0131klar\u0131n\u0131 belirten \u00c7er\u00e7io\u011flu, <strong>\u201cHalk Ege Et\u2019e yapt\u0131\u011f\u0131m\u0131z yat\u0131r\u0131mlarla markam\u0131z\u0131 her ge\u00e7en g\u00fcn daha da g\u00fc\u00e7lendiriyoruz. Bug\u00fcn t\u00fcm vatanda\u015flar\u0131m\u0131z g\u00fcvenilir, hijyenik ve kaliteli ete ekonomik olarak ula\u015f\u0131yor. Bunu da arac\u0131lar\u0131 aradan \u00e7\u0131kararak sa\u011fl\u0131yoruz. Bir d\u00f6ng\u00fc ekonomisi olarak kurgulad\u0131\u011f\u0131m\u0131z sistemimizde, kesimi yap\u0131lacak hayvanlar\u0131 do\u011frudan \u00fcreticimizden al\u0131yoruz. \u00dcreticilerimize \u00f6demelerini de ayn\u0131 g\u00fcn yap\u0131p onlar\u0131n b\u00fct\u00e7elerine destek oluyoruz. B\u00f6ylelikle arac\u0131lar\u0131n kazanacak oldu\u011funu \u00fcreticilerimiz kazan\u0131yor\u201d<\/strong> \u015feklinde konu\u015ftu.<\/p>\n\n\n\n<p>\u00c7er\u00e7io\u011flu, <strong>\u201cEkonomi ne kadar k\u00f6t\u00fcle\u015firse k\u00f6t\u00fcle\u015fsin \u00fcreticimizi namerde muhta\u00e7 etmeyece\u011fiz ve her zaman onlar\u0131n yan\u0131nda olaca\u011f\u0131z. Bunu yaparken vatanda\u015f\u0131m\u0131z\u0131n da sofras\u0131na et koymas\u0131n\u0131 sa\u011flamay\u0131 bir sorumluluk olarak g\u00f6r\u00fcyoruz. \u00dcr\u00fcnlerimizin sat\u0131\u015f\u0131n\u0131 da kendimiz yaparak burada da arac\u0131lar\u0131 aradan \u00e7\u0131kar\u0131yoruz. B\u00f6ylelikle kazanan hem \u00fcreticimiz hem de t\u00fcketicimiz oluyor\u201d <\/strong>ifadelerini kulland\u0131.<\/p>\n\n\n\n<p>Teknolojinin geli\u015fmesine ve artan ihtiyaca paralel olarak \u00c7ine\u2019deki mezbahay\u0131 her ge\u00e7en g\u00fcn daha modern hale getirdiklerinin alt\u0131n\u0131 \u00e7izen \u00c7er\u00e7io\u011flu, <strong>\u201cBu modernizasyonu vatanda\u015flar\u0131m\u0131zla temas etti\u011fimiz marketlerimizde de uyguluyoruz. En son Efeler Bal\u0131k Pazar\u0131 ve Ku\u015fadas\u0131 merkez \u015fubelerimizi yeniledik. Halk Ege Et hem \u00fcreticinin hem t\u00fcketicinin yan\u0131nda yer almaya devam ederek bir b\u00f6lge g\u00fcc\u00fc olma yolunda ilerliyor\u201d<\/strong> dedi.<\/p>\n\n\n\n<p>\u00c7er\u00e7io\u011flu, uygulad\u0131klar\u0131 sistemin en verimli sistem oldu\u011funu hat\u0131rlatt\u0131 ve edindikleri deneyimi \u00fclke \u00e7ap\u0131nda isteyen t\u00fcm kurum ve kurulu\u015flarla payla\u015fmaya haz\u0131r olduklar\u0131n\u0131n alt\u0131n\u0131 \u00e7izdi.<\/p>\n\n\n\n<figure class=\"wp-block-gallery has-nested-images columns-default is-cropped wp-block-gallery-1 is-layout-flex wp-block-gallery-is-layout-flex\">\n<figure class=\"wp-block-image size-large\"><a href=\"https:\/\/www.aydinaski.gov.tr\/wp-content\/uploads\/2023\/07\/Halk-Ege-Et-1.jpg\"><img loading=\"lazy\" decoding=\"async\" width=\"1024\" height=\"682\" data-id=\"4006\" src=\"https:\/\/www.aydinaski.gov.tr\/wp-content\/uploads\/2023\/07\/Halk-Ege-Et-1.jpg\" alt=\"\" class=\"wp-image-4006\" srcset=\"https:\/\/www.aydinaski.gov.tr\/wp-content\/uploads\/2023\/07\/Halk-Ege-Et-1.jpg 1024w, https:\/\/www.aydinaski.gov.tr\/wp-content\/uploads\/2023\/07\/Halk-Ege-Et-1-300x200.jpg 300w, https:\/\/www.aydinaski.gov.tr\/wp-content\/uploads\/2023\/07\/Halk-Ege-Et-1-768x512.jpg 768w\" sizes=\"auto, (max-width: 1024px) 100vw, 1024px\" \/><\/a><\/figure>\n\n\n\n<figure class=\"wp-block-image size-large\"><a href=\"https:\/\/www.aydinaski.gov.tr\/wp-content\/uploads\/2023\/07\/Halk-Ege-Et-2.jpg\"><img loading=\"lazy\" decoding=\"async\" width=\"1024\" height=\"575\" data-id=\"4011\" src=\"https:\/\/www.aydinaski.gov.tr\/wp-content\/uploads\/2023\/07\/Halk-Ege-Et-2.jpg\" alt=\"\" class=\"wp-image-4011\" srcset=\"https:\/\/www.aydinaski.gov.tr\/wp-content\/uploads\/2023\/07\/Halk-Ege-Et-2.jpg 1024w, https:\/\/www.aydinaski.gov.tr\/wp-content\/uploads\/2023\/07\/Halk-Ege-Et-2-300x168.jpg 300w, https:\/\/www.aydinaski.gov.tr\/wp-content\/uploads\/2023\/07\/Halk-Ege-Et-2-768x431.jpg 768w\" sizes=\"auto, (max-width: 1024px) 100vw, 1024px\" \/><\/a><\/figure>\n\n\n\n<figure class=\"wp-block-image size-large\"><a href=\"https:\/\/www.aydinaski.gov.tr\/wp-content\/uploads\/2023\/07\/Halk-Ege-Et-3.jpg\"><img loading=\"lazy\" decoding=\"async\" width=\"1024\" height=\"575\" data-id=\"4008\" src=\"https:\/\/www.aydinaski.gov.tr\/wp-content\/uploads\/2023\/07\/Halk-Ege-Et-3.jpg\" alt=\"\" class=\"wp-image-4008\" srcset=\"https:\/\/www.aydinaski.gov.tr\/wp-content\/uploads\/2023\/07\/Halk-Ege-Et-3.jpg 1024w, https:\/\/www.aydinaski.gov.tr\/wp-content\/uploads\/2023\/07\/Halk-Ege-Et-3-300x168.jpg 300w, https:\/\/www.aydinaski.gov.tr\/wp-content\/uploads\/2023\/07\/Halk-Ege-Et-3-768x431.jpg 768w\" sizes=\"auto, (max-width: 1024px) 100vw, 1024px\" \/><\/a><\/figure>\n\n\n\n<figure class=\"wp-block-image size-large\"><a href=\"https:\/\/www.aydinaski.gov.tr\/wp-content\/uploads\/2023\/07\/Halk-Ege-Et-4-1.jpg\"><img loading=\"lazy\" decoding=\"async\" width=\"1024\" height=\"575\" data-id=\"4009\" src=\"https:\/\/www.aydinaski.gov.tr\/wp-content\/uploads\/2023\/07\/Halk-Ege-Et-4-1.jpg\" alt=\"\" class=\"wp-image-4009\" srcset=\"https:\/\/www.aydinaski.gov.tr\/wp-content\/uploads\/2023\/07\/Halk-Ege-Et-4-1.jpg 1024w, https:\/\/www.aydinaski.gov.tr\/wp-content\/uploads\/2023\/07\/Halk-Ege-Et-4-1-300x168.jpg 300w, https:\/\/www.aydinaski.gov.tr\/wp-content\/uploads\/2023\/07\/Halk-Ege-Et-4-1-768x431.jpg 768w\" sizes=\"auto, (max-width: 1024px) 100vw, 1024px\" \/><\/a><\/figure>\n\n\n\n<figure class=\"wp-block-image size-large\"><a href=\"https:\/\/www.aydinaski.gov.tr\/wp-content\/uploads\/2023\/07\/Halk-Ege-Et-5.jpg\"><img loading=\"lazy\" decoding=\"async\" width=\"1024\" height=\"682\" data-id=\"4010\" src=\"https:\/\/www.aydinaski.gov.tr\/wp-content\/uploads\/2023\/07\/Halk-Ege-Et-5.jpg\" alt=\"\" class=\"wp-image-4010\" srcset=\"https:\/\/www.aydinaski.gov.tr\/wp-content\/uploads\/2023\/07\/Halk-Ege-Et-5.jpg 1024w, https:\/\/www.aydinaski.gov.tr\/wp-content\/uploads\/2023\/07\/Halk-Ege-Et-5-300x200.jpg 300w, https:\/\/www.aydinaski.gov.tr\/wp-content\/uploads\/2023\/07\/Halk-Ege-Et-5-768x512.jpg 768w\" sizes=\"auto, (max-width: 1024px) 100vw, 1024px\" \/><\/a><\/figure>\n\n\n\n<figure class=\"wp-block-image size-large\"><a href=\"https:\/\/www.aydinaski.gov.tr\/wp-content\/uploads\/2023\/07\/Halk-Ege-Et-6.jpg\"><img loading=\"lazy\" decoding=\"async\" width=\"1024\" height=\"682\" data-id=\"4007\" src=\"https:\/\/www.aydinaski.gov.tr\/wp-content\/uploads\/2023\/07\/Halk-Ege-Et-6.jpg\" alt=\"\" class=\"wp-image-4007\" srcset=\"https:\/\/www.aydinaski.gov.tr\/wp-content\/uploads\/2023\/07\/Halk-Ege-Et-6.jpg 1024w, https:\/\/www.aydinaski.gov.tr\/wp-content\/uploads\/2023\/07\/Halk-Ege-Et-6-300x200.jpg 300w, https:\/\/www.aydinaski.gov.tr\/wp-content\/uploads\/2023\/07\/Halk-Ege-Et-6-768x512.jpg 768w\" sizes=\"auto, (max-width: 1024px) 100vw, 1024px\" \/><\/a><\/figure>\n\n\n\n<figure class=\"wp-block-image size-large\"><a href=\"https:\/\/www.aydinaski.gov.tr\/wp-content\/uploads\/2023\/07\/Halk-Ege-Et-7.jpg\"><img loading=\"lazy\" decoding=\"async\" width=\"1024\" height=\"682\" data-id=\"4013\" src=\"https:\/\/www.aydinaski.gov.tr\/wp-content\/uploads\/2023\/07\/Halk-Ege-Et-7.jpg\" alt=\"\" class=\"wp-image-4013\" srcset=\"https:\/\/www.aydinaski.gov.tr\/wp-content\/uploads\/2023\/07\/Halk-Ege-Et-7.jpg 1024w, https:\/\/www.aydinaski.gov.tr\/wp-content\/uploads\/2023\/07\/Halk-Ege-Et-7-300x200.jpg 300w, https:\/\/www.aydinaski.gov.tr\/wp-content\/uploads\/2023\/07\/Halk-Ege-Et-7-768x512.jpg 768w\" sizes=\"auto, (max-width: 1024px) 100vw, 1024px\" \/><\/a><\/figure>\n\n\n\n<figure class=\"wp-block-image size-large\"><a href=\"https:\/\/www.aydinaski.gov.tr\/wp-content\/uploads\/2023\/07\/Halk-Ege-Et.jpg\"><img loading=\"lazy\" decoding=\"async\" width=\"1024\" height=\"682\" data-id=\"4012\" src=\"https:\/\/www.aydinaski.gov.tr\/wp-content\/uploads\/2023\/07\/Halk-Ege-Et-1024x682.jpg\" alt=\"\" class=\"wp-image-4012\" srcset=\"https:\/\/www.aydinaski.gov.tr\/wp-content\/uploads\/2023\/07\/Halk-Ege-Et-1024x682.jpg 1024w, https:\/\/www.aydinaski.gov.tr\/wp-content\/uploads\/2023\/07\/Halk-Ege-Et-300x200.jpg 300w, https:\/\/www.aydinaski.gov.tr\/wp-content\/uploads\/2023\/07\/Halk-Ege-Et-768x512.jpg 768w, https:\/\/www.aydinaski.gov.tr\/wp-content\/uploads\/2023\/07\/Halk-Ege-Et-1536x1023.jpg 1536w, https:\/\/www.aydinaski.gov.tr\/wp-content\/uploads\/2023\/07\/Halk-Ege-Et.jpg 1600w\" sizes=\"auto, (max-width: 1024px) 100vw, 1024px\" \/><\/a><\/figure>\n<\/figure>\n","protected":false},"excerpt":{"rendered":"<p>KAL\u0130TEL\u0130, EKONOM\u0130K, H\u0130JYEN\u0130K VE G\u00dcVEN\u0130L\u0130R ETTE AYDIN MARKASI: HALK EGE ET<\/p>\n","protected":false},"author":1,"featured_media":4005,"comment_status":"closed","ping_status":"","sticky":false,"template":"","format":"standard","meta":{"ngg_post_thumbnail":0,"footnotes":""},"categories":[9],"tags":[],"class_list":["post-4004","post","type-post","status-publish","format-standard","has-post-thumbnail","hentry","category-haberler"],"_links":{"self":[{"href":"https:\/\/www.aydinaski.gov.tr\/index.php\/wp-json\/wp\/v2\/posts\/4004","targetHints":{"allow":["GET"]}}],"collection":[{"href":"https:\/\/www.aydinaski.gov.tr\/index.php\/wp-json\/wp\/v2\/posts"}],"about":[{"href":"https:\/\/www.aydinaski.gov.tr\/index.php\/wp-json\/wp\/v2\/types\/post"}],"author":[{"embeddable":true,"href":"https:\/\/www.aydinaski.gov.tr\/index.php\/wp-json\/wp\/v2\/users\/1"}],"replies":[{"embeddable":true,"href":"https:\/\/www.aydinaski.gov.tr\/index.php\/wp-json\/wp\/v2\/comments?post=4004"}],"version-history":[{"count":1,"href":"https:\/\/www.aydinaski.gov.tr\/index.php\/wp-json\/wp\/v2\/posts\/4004\/revisions"}],"predecessor-version":[{"id":4014,"href":"https:\/\/www.aydinaski.gov.tr\/index.php\/wp-json\/wp\/v2\/posts\/4004\/revisions\/4014"}],"wp:featuredmedia":[{"embeddable":true,"href":"https:\/\/www.aydinaski.gov.tr\/index.php\/wp-json\/wp\/v2\/media\/4005"}],"wp:attachment":[{"href":"https:\/\/www.aydinaski.gov.tr\/index.php\/wp-json\/wp\/v2\/media?parent=4004"}],"wp:term":[{"taxonomy":"category","embeddable":true,"href":"https:\/\/www.aydinaski.gov.tr\/index.php\/wp-json\/wp\/v2\/categories?post=4004"},{"taxonomy":"post_tag","embeddable":true,"href":"https:\/\/www.aydinaski.gov.tr\/index.php\/wp-json\/wp\/v2\/tags?post=4004"}],"curies":[{"name":"wp","href":"https:\/\/api.w.org\/{rel}","templated":true}]}}