{"id":4001,"date":"2023-07-28T14:48:40","date_gmt":"2023-07-28T11:48:40","guid":{"rendered":"https:\/\/www.aydinaski.gov.tr\/?p=4001"},"modified":"2023-07-28T14:48:40","modified_gmt":"2023-07-28T11:48:40","slug":"incirliova-esnaflarindan-baskan-cerciogluna-ziyaret","status":"publish","type":"post","link":"https:\/\/www.aydinaski.gov.tr\/index.php\/2023\/07\/28\/incirliova-esnaflarindan-baskan-cerciogluna-ziyaret\/","title":{"rendered":"\u0130NC\u0130RL\u0130OVA ESNAFLARINDAN BA\u015eKAN \u00c7ER\u00c7\u0130O\u011eLU&#8217;NA Z\u0130YARET"},"content":{"rendered":"\n<p>\u0130ncirliova esnaflar\u0131, Ayd\u0131n B\u00fcy\u00fck\u015fehir Belediye Ba\u015fkan\u0131 \u00d6zlem \u00c7er\u00e7io\u011flu&#8217;na nezaket ziyaretinde bulundu.<\/p>\n\n\n\n<p>\u00c7er\u00e7io\u011flu, il\u00e7ede altyap\u0131 ve \u00fcstyap\u0131 \u00e7al\u0131\u015fmalar\u0131na kadar bir\u00e7ok alanda yat\u0131r\u0131mlar\u0131n s\u00fcrd\u00fc\u011f\u00fcn\u00fc hat\u0131rlat\u0131p, \u00f6n\u00fcm\u00fczdeki d\u00f6nemde de \u0130ncirliova\u2019ya yat\u0131r\u0131mlar\u0131n artarak devam edece\u011fini s\u00f6yledi.<\/p>\n\n\n\n<figure class=\"wp-block-image size-large\"><a href=\"https:\/\/www.aydinaski.gov.tr\/wp-content\/uploads\/2023\/07\/ziyaret-5-scaled.jpg\"><img loading=\"lazy\" decoding=\"async\" width=\"1024\" height=\"683\" src=\"https:\/\/www.aydinaski.gov.tr\/wp-content\/uploads\/2023\/07\/ziyaret-5-1024x683.jpg\" alt=\"\" class=\"wp-image-4002\" srcset=\"https:\/\/www.aydinaski.gov.tr\/wp-content\/uploads\/2023\/07\/ziyaret-5-1024x683.jpg 1024w, https:\/\/www.aydinaski.gov.tr\/wp-content\/uploads\/2023\/07\/ziyaret-5-300x200.jpg 300w, https:\/\/www.aydinaski.gov.tr\/wp-content\/uploads\/2023\/07\/ziyaret-5-768x512.jpg 768w, https:\/\/www.aydinaski.gov.tr\/wp-content\/uploads\/2023\/07\/ziyaret-5-1536x1024.jpg 1536w, https:\/\/www.aydinaski.gov.tr\/wp-content\/uploads\/2023\/07\/ziyaret-5-2048x1365.jpg 2048w\" sizes=\"auto, (max-width: 1024px) 100vw, 1024px\" \/><\/a><\/figure>\n","protected":false},"excerpt":{"rendered":"<p>\u0130NC\u0130RL\u0130OVA ESNAFLARINDAN BA\u015eKAN \u00c7ER\u00c7\u0130O\u011eLU&#8217;NA Z\u0130YARET<\/p>\n","protected":false},"author":1,"featured_media":4002,"comment_status":"closed","ping_status":"","sticky":false,"template":"","format":"standard","meta":{"ngg_post_thumbnail":0,"footnotes":""},"categories":[9],"tags":[],"class_list":["post-4001","post","type-post","status-publish","format-standard","has-post-thumbnail","hentry","category-haberler"],"_links":{"self":[{"href":"https:\/\/www.aydinaski.gov.tr\/index.php\/wp-json\/wp\/v2\/posts\/4001","targetHints":{"allow":["GET"]}}],"collection":[{"href":"https:\/\/www.aydinaski.gov.tr\/index.php\/wp-json\/wp\/v2\/posts"}],"about":[{"href":"https:\/\/www.aydinaski.gov.tr\/index.php\/wp-json\/wp\/v2\/types\/post"}],"author":[{"embeddable":true,"href":"https:\/\/www.aydinaski.gov.tr\/index.php\/wp-json\/wp\/v2\/users\/1"}],"replies":[{"embeddable":true,"href":"https:\/\/www.aydinaski.gov.tr\/index.php\/wp-json\/wp\/v2\/comments?post=4001"}],"version-history":[{"count":1,"href":"https:\/\/www.aydinaski.gov.tr\/index.php\/wp-json\/wp\/v2\/posts\/4001\/revisions"}],"predecessor-version":[{"id":4003,"href":"https:\/\/www.aydinaski.gov.tr\/index.php\/wp-json\/wp\/v2\/posts\/4001\/revisions\/4003"}],"wp:featuredmedia":[{"embeddable":true,"href":"https:\/\/www.aydinaski.gov.tr\/index.php\/wp-json\/wp\/v2\/media\/4002"}],"wp:attachment":[{"href":"https:\/\/www.aydinaski.gov.tr\/index.php\/wp-json\/wp\/v2\/media?parent=4001"}],"wp:term":[{"taxonomy":"category","embeddable":true,"href":"https:\/\/www.aydinaski.gov.tr\/index.php\/wp-json\/wp\/v2\/categories?post=4001"},{"taxonomy":"post_tag","embeddable":true,"href":"https:\/\/www.aydinaski.gov.tr\/index.php\/wp-json\/wp\/v2\/tags?post=4001"}],"curies":[{"name":"wp","href":"https:\/\/api.w.org\/{rel}","templated":true}]}}