{"id":3943,"date":"2023-07-26T12:14:05","date_gmt":"2023-07-26T09:14:05","guid":{"rendered":"https:\/\/www.aydinaski.gov.tr\/?p=3943"},"modified":"2023-07-26T12:14:05","modified_gmt":"2023-07-26T09:14:05","slug":"aydin-buyuksehir-belediyesi-itfaiyesi-sokede-ormanlik-alanda-cikan-yangini-hizli-mudahaleyle-buyumeden-sondurdu","status":"publish","type":"post","link":"https:\/\/www.aydinaski.gov.tr\/index.php\/2023\/07\/26\/aydin-buyuksehir-belediyesi-itfaiyesi-sokede-ormanlik-alanda-cikan-yangini-hizli-mudahaleyle-buyumeden-sondurdu\/","title":{"rendered":"AYDIN B\u00dcY\u00dcK\u015eEH\u0130R BELED\u0130YES\u0130 \u0130TFA\u0130YES\u0130, S\u00d6KE\u2019DE ORMANLIK ALANDA \u00c7IKAN YANGINI HIZLI M\u00dcDAHALEYLE B\u00dcY\u00dcMEDEN S\u00d6ND\u00dcRD\u00dc"},"content":{"rendered":"\n<p>Ayd\u0131n B\u00fcy\u00fck\u015fehir Belediyesi \u0130tfaiyesi, S\u00f6ke\u2019nin Sazl\u0131 Mahallesi\u2019nde ormanl\u0131k alanda \u00e7\u0131kan yang\u0131na h\u0131zl\u0131ca m\u00fcdahale ederek bir facian\u0131n \u00f6n\u00fcne daha ge\u00e7ti. Gelen ihbar\u0131 de\u011ferlendiren ekipler h\u0131zl\u0131 bir \u015fekilde ormanl\u0131k alana intikal ederek s\u00f6nd\u00fcrme \u00e7al\u0131\u015fmalar\u0131na ba\u015flad\u0131 ve yang\u0131n\u0131 kontrol alt\u0131na ald\u0131. Ayd\u0131n B\u00fcy\u00fck\u015fehir Belediye Ba\u015fkan\u0131 \u00d6zlem \u00c7er\u00e7io\u011flu, hava s\u0131cakl\u0131\u011f\u0131n\u0131n mevsim normallerinin \u00fczerinde seyretti\u011fi bug\u00fcnlerde vatanda\u015flar\u0131 olas\u0131 orman yang\u0131nlar\u0131na kar\u015f\u0131 duyarl\u0131 ve tedbirli olmaya \u00e7a\u011f\u0131rd\u0131.<\/p>\n\n\n\n<p><a><\/a>Hava s\u0131cakl\u0131klar\u0131n\u0131n \u00e7ok y\u00fcksek seyretmesiyle birlikte ormanl\u0131k alanlarda yang\u0131n \u00e7\u0131kma olas\u0131l\u0131\u011f\u0131 artarken, bug\u00fcn ilk orman yang\u0131n\u0131 ihbar\u0131 S\u00f6ke\u2019den geldi. Ayd\u0131n B\u00fcy\u00fck\u015fehir Belediyesi \u0130tfaiyesi, Sazl\u0131 Mahallesi\u2019nde \u00e7\u0131k\u0131\u015f nedeni ara\u015ft\u0131r\u0131lan yang\u0131na h\u0131zl\u0131 bir \u015fekilde m\u00fcdahale etti. Sarp bir b\u00f6lgede \u00e7\u0131kan yang\u0131n s\u00f6nd\u00fcr\u00fcl\u00fcrken itfaiye ekipleri so\u011futma \u00e7al\u0131\u015fmalar\u0131na ba\u015flad\u0131.<\/p>\n\n\n\n<p>\u00c7er\u00e7io\u011flu ise yanan her a\u011fac\u0131 yerine koyman\u0131n y\u0131llar ald\u0131\u011f\u0131n\u0131 hat\u0131rlatarak, <strong>\u201cYang\u0131n olas\u0131l\u0131\u011f\u0131n\u0131n artt\u0131\u011f\u0131 bug\u00fcnlerde yang\u0131nlara kar\u015f\u0131 daha tedbirli ve duyarl\u0131 olmal\u0131y\u0131z. Ormanl\u0131k alanlardaki bir\u00e7ok yang\u0131n insan kaynakl\u0131 meydana gelmektedir. Ormanlar\u0131m\u0131z\u0131 yok olmaktan korumam\u0131z\u0131n yolu daha duyarl\u0131 ve tedbirli olmam\u0131zdan ge\u00e7iyor. Vatanda\u015flar\u0131m\u0131zdan bunu \u00f6zellikle istiyoruz\u201d<\/strong> ifadelerini kulland\u0131.<\/p>\n\n\n\n<figure class=\"wp-block-gallery has-nested-images columns-default is-cropped wp-block-gallery-1 is-layout-flex wp-block-gallery-is-layout-flex\">\n<figure class=\"wp-block-image size-large\"><a href=\"https:\/\/www.aydinaski.gov.tr\/wp-content\/uploads\/2023\/07\/SKE_DE1.jpg\"><img loading=\"lazy\" decoding=\"async\" width=\"1024\" height=\"768\" data-id=\"3945\" src=\"https:\/\/www.aydinaski.gov.tr\/wp-content\/uploads\/2023\/07\/SKE_DE1-1024x768.jpg\" alt=\"\" class=\"wp-image-3945\" srcset=\"https:\/\/www.aydinaski.gov.tr\/wp-content\/uploads\/2023\/07\/SKE_DE1-1024x768.jpg 1024w, https:\/\/www.aydinaski.gov.tr\/wp-content\/uploads\/2023\/07\/SKE_DE1-300x225.jpg 300w, https:\/\/www.aydinaski.gov.tr\/wp-content\/uploads\/2023\/07\/SKE_DE1-768x576.jpg 768w, https:\/\/www.aydinaski.gov.tr\/wp-content\/uploads\/2023\/07\/SKE_DE1-1536x1152.jpg 1536w, https:\/\/www.aydinaski.gov.tr\/wp-content\/uploads\/2023\/07\/SKE_DE1.jpg 1600w\" sizes=\"auto, (max-width: 1024px) 100vw, 1024px\" \/><\/a><\/figure>\n\n\n\n<figure class=\"wp-block-image size-large\"><a href=\"https:\/\/www.aydinaski.gov.tr\/wp-content\/uploads\/2023\/07\/SKDE161.jpg\"><img loading=\"lazy\" decoding=\"async\" width=\"1024\" height=\"768\" data-id=\"3946\" src=\"https:\/\/www.aydinaski.gov.tr\/wp-content\/uploads\/2023\/07\/SKDE161-1024x768.jpg\" alt=\"\" class=\"wp-image-3946\" srcset=\"https:\/\/www.aydinaski.gov.tr\/wp-content\/uploads\/2023\/07\/SKDE161-1024x768.jpg 1024w, https:\/\/www.aydinaski.gov.tr\/wp-content\/uploads\/2023\/07\/SKDE161-300x225.jpg 300w, https:\/\/www.aydinaski.gov.tr\/wp-content\/uploads\/2023\/07\/SKDE161-768x576.jpg 768w, https:\/\/www.aydinaski.gov.tr\/wp-content\/uploads\/2023\/07\/SKDE161-1536x1152.jpg 1536w, https:\/\/www.aydinaski.gov.tr\/wp-content\/uploads\/2023\/07\/SKDE161.jpg 1600w\" sizes=\"auto, (max-width: 1024px) 100vw, 1024px\" \/><\/a><\/figure>\n\n\n\n<figure class=\"wp-block-image size-large\"><a href=\"https:\/\/www.aydinaski.gov.tr\/wp-content\/uploads\/2023\/07\/SK3C811-1.jpg\"><img loading=\"lazy\" decoding=\"async\" width=\"1024\" height=\"768\" data-id=\"3950\" src=\"https:\/\/www.aydinaski.gov.tr\/wp-content\/uploads\/2023\/07\/SK3C811-1-1024x768.jpg\" alt=\"\" class=\"wp-image-3950\" srcset=\"https:\/\/www.aydinaski.gov.tr\/wp-content\/uploads\/2023\/07\/SK3C811-1-1024x768.jpg 1024w, https:\/\/www.aydinaski.gov.tr\/wp-content\/uploads\/2023\/07\/SK3C811-1-300x225.jpg 300w, https:\/\/www.aydinaski.gov.tr\/wp-content\/uploads\/2023\/07\/SK3C811-1-768x576.jpg 768w, https:\/\/www.aydinaski.gov.tr\/wp-content\/uploads\/2023\/07\/SK3C811-1-1536x1152.jpg 1536w, https:\/\/www.aydinaski.gov.tr\/wp-content\/uploads\/2023\/07\/SK3C811-1.jpg 1600w\" sizes=\"auto, (max-width: 1024px) 100vw, 1024px\" \/><\/a><\/figure>\n\n\n\n<figure class=\"wp-block-image size-large\"><a href=\"https:\/\/www.aydinaski.gov.tr\/wp-content\/uploads\/2023\/07\/SKE_DE2.jpg\"><img loading=\"lazy\" decoding=\"async\" width=\"1024\" height=\"768\" data-id=\"3947\" src=\"https:\/\/www.aydinaski.gov.tr\/wp-content\/uploads\/2023\/07\/SKE_DE2-1024x768.jpg\" alt=\"\" class=\"wp-image-3947\" srcset=\"https:\/\/www.aydinaski.gov.tr\/wp-content\/uploads\/2023\/07\/SKE_DE2-1024x768.jpg 1024w, https:\/\/www.aydinaski.gov.tr\/wp-content\/uploads\/2023\/07\/SKE_DE2-300x225.jpg 300w, https:\/\/www.aydinaski.gov.tr\/wp-content\/uploads\/2023\/07\/SKE_DE2-768x576.jpg 768w, https:\/\/www.aydinaski.gov.tr\/wp-content\/uploads\/2023\/07\/SKE_DE2-1536x1152.jpg 1536w, https:\/\/www.aydinaski.gov.tr\/wp-content\/uploads\/2023\/07\/SKE_DE2.jpg 1600w\" sizes=\"auto, (max-width: 1024px) 100vw, 1024px\" \/><\/a><\/figure>\n\n\n\n<figure class=\"wp-block-image size-large\"><a href=\"https:\/\/www.aydinaski.gov.tr\/wp-content\/uploads\/2023\/07\/SKE_DE4.jpg\"><img loading=\"lazy\" decoding=\"async\" width=\"1024\" height=\"768\" data-id=\"3948\" src=\"https:\/\/www.aydinaski.gov.tr\/wp-content\/uploads\/2023\/07\/SKE_DE4-1024x768.jpg\" alt=\"\" class=\"wp-image-3948\" srcset=\"https:\/\/www.aydinaski.gov.tr\/wp-content\/uploads\/2023\/07\/SKE_DE4-1024x768.jpg 1024w, https:\/\/www.aydinaski.gov.tr\/wp-content\/uploads\/2023\/07\/SKE_DE4-300x225.jpg 300w, https:\/\/www.aydinaski.gov.tr\/wp-content\/uploads\/2023\/07\/SKE_DE4-768x576.jpg 768w, https:\/\/www.aydinaski.gov.tr\/wp-content\/uploads\/2023\/07\/SKE_DE4-1536x1152.jpg 1536w, https:\/\/www.aydinaski.gov.tr\/wp-content\/uploads\/2023\/07\/SKE_DE4.jpg 1600w\" sizes=\"auto, (max-width: 1024px) 100vw, 1024px\" \/><\/a><\/figure>\n\n\n\n<figure class=\"wp-block-image size-large\"><a href=\"https:\/\/www.aydinaski.gov.tr\/wp-content\/uploads\/2023\/07\/SK11F41.jpg\"><img loading=\"lazy\" decoding=\"async\" width=\"1024\" height=\"768\" data-id=\"3949\" src=\"https:\/\/www.aydinaski.gov.tr\/wp-content\/uploads\/2023\/07\/SK11F41-1024x768.jpg\" alt=\"\" class=\"wp-image-3949\" srcset=\"https:\/\/www.aydinaski.gov.tr\/wp-content\/uploads\/2023\/07\/SK11F41-1024x768.jpg 1024w, https:\/\/www.aydinaski.gov.tr\/wp-content\/uploads\/2023\/07\/SK11F41-300x225.jpg 300w, https:\/\/www.aydinaski.gov.tr\/wp-content\/uploads\/2023\/07\/SK11F41-768x576.jpg 768w, https:\/\/www.aydinaski.gov.tr\/wp-content\/uploads\/2023\/07\/SK11F41-1536x1152.jpg 1536w, https:\/\/www.aydinaski.gov.tr\/wp-content\/uploads\/2023\/07\/SK11F41.jpg 1600w\" sizes=\"auto, (max-width: 1024px) 100vw, 1024px\" \/><\/a><\/figure>\n\n\n\n<figure class=\"wp-block-image size-large\"><a href=\"https:\/\/www.aydinaski.gov.tr\/wp-content\/uploads\/2023\/07\/SKE_DE3.jpg\"><img loading=\"lazy\" decoding=\"async\" width=\"1024\" height=\"768\" data-id=\"3951\" src=\"https:\/\/www.aydinaski.gov.tr\/wp-content\/uploads\/2023\/07\/SKE_DE3-1024x768.jpg\" alt=\"\" class=\"wp-image-3951\" srcset=\"https:\/\/www.aydinaski.gov.tr\/wp-content\/uploads\/2023\/07\/SKE_DE3-1024x768.jpg 1024w, https:\/\/www.aydinaski.gov.tr\/wp-content\/uploads\/2023\/07\/SKE_DE3-300x225.jpg 300w, https:\/\/www.aydinaski.gov.tr\/wp-content\/uploads\/2023\/07\/SKE_DE3-768x576.jpg 768w, https:\/\/www.aydinaski.gov.tr\/wp-content\/uploads\/2023\/07\/SKE_DE3-1536x1152.jpg 1536w, https:\/\/www.aydinaski.gov.tr\/wp-content\/uploads\/2023\/07\/SKE_DE3.jpg 1600w\" sizes=\"auto, (max-width: 1024px) 100vw, 1024px\" \/><\/a><\/figure>\n<\/figure>\n","protected":false},"excerpt":{"rendered":"<p>AYDIN B\u00dcY\u00dcK\u015eEH\u0130R BELED\u0130YES\u0130 \u0130TFA\u0130YES\u0130, S\u00d6KE\u2019DE ORMANLIK ALANDA \u00c7IKAN YANGINI HIZLI M\u00dcDAHALEYLE B\u00dcY\u00dcMEDEN S\u00d6ND\u00dcRD\u00dc<\/p>\n","protected":false},"author":1,"featured_media":3944,"comment_status":"closed","ping_status":"","sticky":false,"template":"","format":"standard","meta":{"ngg_post_thumbnail":0,"footnotes":""},"categories":[9],"tags":[],"class_list":["post-3943","post","type-post","status-publish","format-standard","has-post-thumbnail","hentry","category-haberler"],"_links":{"self":[{"href":"https:\/\/www.aydinaski.gov.tr\/index.php\/wp-json\/wp\/v2\/posts\/3943","targetHints":{"allow":["GET"]}}],"collection":[{"href":"https:\/\/www.aydinaski.gov.tr\/index.php\/wp-json\/wp\/v2\/posts"}],"about":[{"href":"https:\/\/www.aydinaski.gov.tr\/index.php\/wp-json\/wp\/v2\/types\/post"}],"author":[{"embeddable":true,"href":"https:\/\/www.aydinaski.gov.tr\/index.php\/wp-json\/wp\/v2\/users\/1"}],"replies":[{"embeddable":true,"href":"https:\/\/www.aydinaski.gov.tr\/index.php\/wp-json\/wp\/v2\/comments?post=3943"}],"version-history":[{"count":1,"href":"https:\/\/www.aydinaski.gov.tr\/index.php\/wp-json\/wp\/v2\/posts\/3943\/revisions"}],"predecessor-version":[{"id":3952,"href":"https:\/\/www.aydinaski.gov.tr\/index.php\/wp-json\/wp\/v2\/posts\/3943\/revisions\/3952"}],"wp:featuredmedia":[{"embeddable":true,"href":"https:\/\/www.aydinaski.gov.tr\/index.php\/wp-json\/wp\/v2\/media\/3944"}],"wp:attachment":[{"href":"https:\/\/www.aydinaski.gov.tr\/index.php\/wp-json\/wp\/v2\/media?parent=3943"}],"wp:term":[{"taxonomy":"category","embeddable":true,"href":"https:\/\/www.aydinaski.gov.tr\/index.php\/wp-json\/wp\/v2\/categories?post=3943"},{"taxonomy":"post_tag","embeddable":true,"href":"https:\/\/www.aydinaski.gov.tr\/index.php\/wp-json\/wp\/v2\/tags?post=3943"}],"curies":[{"name":"wp","href":"https:\/\/api.w.org\/{rel}","templated":true}]}}