{"id":3685,"date":"2023-07-12T19:03:12","date_gmt":"2023-07-12T16:03:12","guid":{"rendered":"https:\/\/www.aydinaski.gov.tr\/?p=3685"},"modified":"2023-07-12T19:03:12","modified_gmt":"2023-07-12T16:03:12","slug":"tekstil-parkta-sinema-gecelerine-yogun-ilgi","status":"publish","type":"post","link":"https:\/\/www.aydinaski.gov.tr\/index.php\/2023\/07\/12\/tekstil-parkta-sinema-gecelerine-yogun-ilgi\/","title":{"rendered":"TEKST\u0130L PARK\u2019TA S\u0130NEMA GECELER\u0130NE YO\u011eUN \u0130LG\u0130"},"content":{"rendered":"\n<p><strong>\u00c7ER\u00c7\u0130O\u011eLU, \u201cAYDIN K\u00dcLT\u00dcR\u00dcN, SANATIN, SOSYAL YA\u015eAMIN MERKEZ\u0130D\u0130R\u201d<\/strong><\/p>\n\n\n\n<p>Ayd\u0131n B\u00fcy\u00fck\u015fehir Belediyesi, sinema d\u00fcnyas\u0131n\u0131n birbirinden de\u011ferli eserlerini vatanda\u015flarla bulu\u015fturmaya devam ediyor. Tekstil Park&#8217;ta ger\u00e7ekle\u015fen g\u00f6sterimlerde, Ayd\u0131nl\u0131lar ba\u015frollerini Demet Akba\u011f ile Zafer Alg\u00f6z&#8217;\u00fcn payla\u015ft\u0131\u011f\u0131 &#8216;G\u00f6revimiz Tatil&#8217; filmini izleme imkan\u0131 buldu. Vatanda\u015flar\u0131n ya\u015fad\u0131klar\u0131 kentten keyif almalar\u0131n\u0131 sa\u011flamak i\u00e7in bug\u00fcne kadar bir\u00e7ok etkinlik ger\u00e7ekle\u015ftirdiklerini ifade eden Ayd\u0131n B\u00fcy\u00fck\u015fehir Belediye Ba\u015fkan\u0131 \u00d6zlem \u00c7er\u00e7io\u011flu, \u201cAyd\u0131nl\u0131lar\u0131n aileleri ile birlikte huzurlu ve mutlu bir yaz ge\u00e7irmeleri i\u00e7in her y\u0131l d\u00fczenledi\u011fimiz gibi bu y\u0131l da a\u00e7\u0131k hava sinema g\u00f6sterimleri d\u00fczenliyoruz. Ayd\u0131n k\u00fclt\u00fcr\u00fcn, sanat\u0131n, sosyal ya\u015fam\u0131n merkezidir\u201d dedi.<\/p>\n\n\n\n<p><strong>Temmuzda Ay\u0131 dopdolu<\/strong><\/p>\n\n\n\n<p>T\u00fcrk ve d\u00fcnya sinemas\u0131n\u0131n birbirinden g\u00fczel filmlerinin a\u00e7\u0131k havada vatanda\u015flarla bulu\u015faca\u011f\u0131 renkli etkinli\u011fin gelecek hafta program\u0131 ise \u015f\u00f6yle; 10 Temmuz 6 S\u00fcper Kahraman, 13 Temmuz Tosun Pa\u015fa.<\/p>\n\n\n\n<figure class=\"wp-block-gallery has-nested-images columns-default is-cropped wp-block-gallery-1 is-layout-flex wp-block-gallery-is-layout-flex\">\n<figure class=\"wp-block-image size-large\"><a href=\"https:\/\/www.aydinaski.gov.tr\/wp-content\/uploads\/2023\/07\/foto-1.jpeg\"><img loading=\"lazy\" decoding=\"async\" width=\"1024\" height=\"682\" data-id=\"3688\" src=\"https:\/\/www.aydinaski.gov.tr\/wp-content\/uploads\/2023\/07\/foto-1-1024x682.jpeg\" alt=\"\" class=\"wp-image-3688\" srcset=\"https:\/\/www.aydinaski.gov.tr\/wp-content\/uploads\/2023\/07\/foto-1-1024x682.jpeg 1024w, https:\/\/www.aydinaski.gov.tr\/wp-content\/uploads\/2023\/07\/foto-1-300x200.jpeg 300w, https:\/\/www.aydinaski.gov.tr\/wp-content\/uploads\/2023\/07\/foto-1-768x512.jpeg 768w, https:\/\/www.aydinaski.gov.tr\/wp-content\/uploads\/2023\/07\/foto-1-1536x1023.jpeg 1536w, https:\/\/www.aydinaski.gov.tr\/wp-content\/uploads\/2023\/07\/foto-1.jpeg 1600w\" sizes=\"auto, (max-width: 1024px) 100vw, 1024px\" \/><\/a><\/figure>\n\n\n\n<figure class=\"wp-block-image size-large\"><a href=\"https:\/\/www.aydinaski.gov.tr\/wp-content\/uploads\/2023\/07\/foto-2.jpeg\"><img loading=\"lazy\" decoding=\"async\" width=\"1024\" height=\"682\" data-id=\"3687\" src=\"https:\/\/www.aydinaski.gov.tr\/wp-content\/uploads\/2023\/07\/foto-2-1024x682.jpeg\" alt=\"\" class=\"wp-image-3687\" srcset=\"https:\/\/www.aydinaski.gov.tr\/wp-content\/uploads\/2023\/07\/foto-2-1024x682.jpeg 1024w, https:\/\/www.aydinaski.gov.tr\/wp-content\/uploads\/2023\/07\/foto-2-300x200.jpeg 300w, https:\/\/www.aydinaski.gov.tr\/wp-content\/uploads\/2023\/07\/foto-2-768x512.jpeg 768w, https:\/\/www.aydinaski.gov.tr\/wp-content\/uploads\/2023\/07\/foto-2-1536x1023.jpeg 1536w, https:\/\/www.aydinaski.gov.tr\/wp-content\/uploads\/2023\/07\/foto-2.jpeg 1600w\" sizes=\"auto, (max-width: 1024px) 100vw, 1024px\" \/><\/a><\/figure>\n\n\n\n<figure class=\"wp-block-image size-large\"><a href=\"https:\/\/www.aydinaski.gov.tr\/wp-content\/uploads\/2023\/07\/foto-3.jpeg\"><img loading=\"lazy\" decoding=\"async\" width=\"1024\" height=\"682\" data-id=\"3689\" src=\"https:\/\/www.aydinaski.gov.tr\/wp-content\/uploads\/2023\/07\/foto-3-1024x682.jpeg\" alt=\"\" class=\"wp-image-3689\" srcset=\"https:\/\/www.aydinaski.gov.tr\/wp-content\/uploads\/2023\/07\/foto-3-1024x682.jpeg 1024w, https:\/\/www.aydinaski.gov.tr\/wp-content\/uploads\/2023\/07\/foto-3-300x200.jpeg 300w, https:\/\/www.aydinaski.gov.tr\/wp-content\/uploads\/2023\/07\/foto-3-768x512.jpeg 768w, https:\/\/www.aydinaski.gov.tr\/wp-content\/uploads\/2023\/07\/foto-3-1536x1023.jpeg 1536w, https:\/\/www.aydinaski.gov.tr\/wp-content\/uploads\/2023\/07\/foto-3.jpeg 1600w\" sizes=\"auto, (max-width: 1024px) 100vw, 1024px\" \/><\/a><\/figure>\n\n\n\n<figure class=\"wp-block-image size-large\"><a href=\"https:\/\/www.aydinaski.gov.tr\/wp-content\/uploads\/2023\/07\/foto-4-1.jpeg\"><img loading=\"lazy\" decoding=\"async\" width=\"1024\" height=\"682\" data-id=\"3690\" src=\"https:\/\/www.aydinaski.gov.tr\/wp-content\/uploads\/2023\/07\/foto-4-1-1024x682.jpeg\" alt=\"\" class=\"wp-image-3690\" srcset=\"https:\/\/www.aydinaski.gov.tr\/wp-content\/uploads\/2023\/07\/foto-4-1-1024x682.jpeg 1024w, https:\/\/www.aydinaski.gov.tr\/wp-content\/uploads\/2023\/07\/foto-4-1-300x200.jpeg 300w, https:\/\/www.aydinaski.gov.tr\/wp-content\/uploads\/2023\/07\/foto-4-1-768x512.jpeg 768w, https:\/\/www.aydinaski.gov.tr\/wp-content\/uploads\/2023\/07\/foto-4-1-1536x1023.jpeg 1536w, https:\/\/www.aydinaski.gov.tr\/wp-content\/uploads\/2023\/07\/foto-4-1.jpeg 1600w\" sizes=\"auto, (max-width: 1024px) 100vw, 1024px\" \/><\/a><\/figure>\n\n\n\n<figure class=\"wp-block-image size-large\"><a href=\"https:\/\/www.aydinaski.gov.tr\/wp-content\/uploads\/2023\/07\/foto-5.jpeg\"><img loading=\"lazy\" decoding=\"async\" width=\"1024\" height=\"682\" data-id=\"3691\" src=\"https:\/\/www.aydinaski.gov.tr\/wp-content\/uploads\/2023\/07\/foto-5-1024x682.jpeg\" alt=\"\" class=\"wp-image-3691\" srcset=\"https:\/\/www.aydinaski.gov.tr\/wp-content\/uploads\/2023\/07\/foto-5-1024x682.jpeg 1024w, https:\/\/www.aydinaski.gov.tr\/wp-content\/uploads\/2023\/07\/foto-5-300x200.jpeg 300w, https:\/\/www.aydinaski.gov.tr\/wp-content\/uploads\/2023\/07\/foto-5-768x512.jpeg 768w, https:\/\/www.aydinaski.gov.tr\/wp-content\/uploads\/2023\/07\/foto-5-1536x1023.jpeg 1536w, https:\/\/www.aydinaski.gov.tr\/wp-content\/uploads\/2023\/07\/foto-5.jpeg 1600w\" sizes=\"auto, (max-width: 1024px) 100vw, 1024px\" \/><\/a><\/figure>\n\n\n\n<figure class=\"wp-block-image size-large\"><a href=\"https:\/\/www.aydinaski.gov.tr\/wp-content\/uploads\/2023\/07\/foto-6.jpeg\"><img loading=\"lazy\" decoding=\"async\" width=\"1024\" height=\"682\" data-id=\"3692\" src=\"https:\/\/www.aydinaski.gov.tr\/wp-content\/uploads\/2023\/07\/foto-6-1024x682.jpeg\" alt=\"\" class=\"wp-image-3692\" srcset=\"https:\/\/www.aydinaski.gov.tr\/wp-content\/uploads\/2023\/07\/foto-6-1024x682.jpeg 1024w, https:\/\/www.aydinaski.gov.tr\/wp-content\/uploads\/2023\/07\/foto-6-300x200.jpeg 300w, https:\/\/www.aydinaski.gov.tr\/wp-content\/uploads\/2023\/07\/foto-6-768x512.jpeg 768w, https:\/\/www.aydinaski.gov.tr\/wp-content\/uploads\/2023\/07\/foto-6-1536x1023.jpeg 1536w, https:\/\/www.aydinaski.gov.tr\/wp-content\/uploads\/2023\/07\/foto-6.jpeg 1600w\" sizes=\"auto, (max-width: 1024px) 100vw, 1024px\" \/><\/a><\/figure>\n\n\n\n<figure class=\"wp-block-image size-large\"><a href=\"https:\/\/www.aydinaski.gov.tr\/wp-content\/uploads\/2023\/07\/foto-7.jpeg\"><img loading=\"lazy\" decoding=\"async\" width=\"1024\" height=\"682\" data-id=\"3693\" src=\"https:\/\/www.aydinaski.gov.tr\/wp-content\/uploads\/2023\/07\/foto-7-1024x682.jpeg\" alt=\"\" class=\"wp-image-3693\" srcset=\"https:\/\/www.aydinaski.gov.tr\/wp-content\/uploads\/2023\/07\/foto-7-1024x682.jpeg 1024w, https:\/\/www.aydinaski.gov.tr\/wp-content\/uploads\/2023\/07\/foto-7-300x200.jpeg 300w, https:\/\/www.aydinaski.gov.tr\/wp-content\/uploads\/2023\/07\/foto-7-768x512.jpeg 768w, https:\/\/www.aydinaski.gov.tr\/wp-content\/uploads\/2023\/07\/foto-7-1536x1023.jpeg 1536w, https:\/\/www.aydinaski.gov.tr\/wp-content\/uploads\/2023\/07\/foto-7.jpeg 1600w\" sizes=\"auto, (max-width: 1024px) 100vw, 1024px\" \/><\/a><\/figure>\n\n\n\n<figure class=\"wp-block-image size-large\"><a href=\"https:\/\/www.aydinaski.gov.tr\/wp-content\/uploads\/2023\/07\/foto-8.jpeg\"><img loading=\"lazy\" decoding=\"async\" width=\"1024\" height=\"682\" data-id=\"3694\" src=\"https:\/\/www.aydinaski.gov.tr\/wp-content\/uploads\/2023\/07\/foto-8-1024x682.jpeg\" alt=\"\" class=\"wp-image-3694\" srcset=\"https:\/\/www.aydinaski.gov.tr\/wp-content\/uploads\/2023\/07\/foto-8-1024x682.jpeg 1024w, https:\/\/www.aydinaski.gov.tr\/wp-content\/uploads\/2023\/07\/foto-8-300x200.jpeg 300w, https:\/\/www.aydinaski.gov.tr\/wp-content\/uploads\/2023\/07\/foto-8-768x512.jpeg 768w, https:\/\/www.aydinaski.gov.tr\/wp-content\/uploads\/2023\/07\/foto-8-1536x1023.jpeg 1536w, https:\/\/www.aydinaski.gov.tr\/wp-content\/uploads\/2023\/07\/foto-8.jpeg 1600w\" sizes=\"auto, (max-width: 1024px) 100vw, 1024px\" \/><\/a><\/figure>\n\n\n\n<figure class=\"wp-block-image size-large\"><a href=\"https:\/\/www.aydinaski.gov.tr\/wp-content\/uploads\/2023\/07\/foto-9.jpeg\"><img loading=\"lazy\" decoding=\"async\" width=\"1024\" height=\"682\" data-id=\"3696\" src=\"https:\/\/www.aydinaski.gov.tr\/wp-content\/uploads\/2023\/07\/foto-9-1024x682.jpeg\" alt=\"\" class=\"wp-image-3696\" srcset=\"https:\/\/www.aydinaski.gov.tr\/wp-content\/uploads\/2023\/07\/foto-9-1024x682.jpeg 1024w, https:\/\/www.aydinaski.gov.tr\/wp-content\/uploads\/2023\/07\/foto-9-300x200.jpeg 300w, https:\/\/www.aydinaski.gov.tr\/wp-content\/uploads\/2023\/07\/foto-9-768x512.jpeg 768w, https:\/\/www.aydinaski.gov.tr\/wp-content\/uploads\/2023\/07\/foto-9-1536x1023.jpeg 1536w, https:\/\/www.aydinaski.gov.tr\/wp-content\/uploads\/2023\/07\/foto-9.jpeg 1600w\" sizes=\"auto, (max-width: 1024px) 100vw, 1024px\" \/><\/a><\/figure>\n\n\n\n<figure class=\"wp-block-image size-large\"><a href=\"https:\/\/www.aydinaski.gov.tr\/wp-content\/uploads\/2023\/07\/foto-10.jpeg\"><img loading=\"lazy\" decoding=\"async\" width=\"1024\" height=\"682\" data-id=\"3695\" src=\"https:\/\/www.aydinaski.gov.tr\/wp-content\/uploads\/2023\/07\/foto-10-1024x682.jpeg\" alt=\"\" class=\"wp-image-3695\" srcset=\"https:\/\/www.aydinaski.gov.tr\/wp-content\/uploads\/2023\/07\/foto-10-1024x682.jpeg 1024w, https:\/\/www.aydinaski.gov.tr\/wp-content\/uploads\/2023\/07\/foto-10-300x200.jpeg 300w, https:\/\/www.aydinaski.gov.tr\/wp-content\/uploads\/2023\/07\/foto-10-768x512.jpeg 768w, https:\/\/www.aydinaski.gov.tr\/wp-content\/uploads\/2023\/07\/foto-10-1536x1023.jpeg 1536w, https:\/\/www.aydinaski.gov.tr\/wp-content\/uploads\/2023\/07\/foto-10.jpeg 1600w\" sizes=\"auto, (max-width: 1024px) 100vw, 1024px\" \/><\/a><\/figure>\n\n\n\n<figure class=\"wp-block-image size-large\"><a href=\"https:\/\/www.aydinaski.gov.tr\/wp-content\/uploads\/2023\/07\/foto-11.jpeg\"><img loading=\"lazy\" decoding=\"async\" width=\"1024\" height=\"682\" data-id=\"3697\" src=\"https:\/\/www.aydinaski.gov.tr\/wp-content\/uploads\/2023\/07\/foto-11-1024x682.jpeg\" alt=\"\" class=\"wp-image-3697\" srcset=\"https:\/\/www.aydinaski.gov.tr\/wp-content\/uploads\/2023\/07\/foto-11-1024x682.jpeg 1024w, https:\/\/www.aydinaski.gov.tr\/wp-content\/uploads\/2023\/07\/foto-11-300x200.jpeg 300w, https:\/\/www.aydinaski.gov.tr\/wp-content\/uploads\/2023\/07\/foto-11-768x512.jpeg 768w, https:\/\/www.aydinaski.gov.tr\/wp-content\/uploads\/2023\/07\/foto-11-1536x1023.jpeg 1536w, https:\/\/www.aydinaski.gov.tr\/wp-content\/uploads\/2023\/07\/foto-11.jpeg 1600w\" sizes=\"auto, (max-width: 1024px) 100vw, 1024px\" \/><\/a><\/figure>\n\n\n\n<figure class=\"wp-block-image size-large\"><a href=\"https:\/\/www.aydinaski.gov.tr\/wp-content\/uploads\/2023\/07\/foto-12.jpeg\"><img loading=\"lazy\" decoding=\"async\" width=\"1024\" height=\"682\" data-id=\"3698\" src=\"https:\/\/www.aydinaski.gov.tr\/wp-content\/uploads\/2023\/07\/foto-12-1024x682.jpeg\" alt=\"\" class=\"wp-image-3698\" srcset=\"https:\/\/www.aydinaski.gov.tr\/wp-content\/uploads\/2023\/07\/foto-12-1024x682.jpeg 1024w, https:\/\/www.aydinaski.gov.tr\/wp-content\/uploads\/2023\/07\/foto-12-300x200.jpeg 300w, https:\/\/www.aydinaski.gov.tr\/wp-content\/uploads\/2023\/07\/foto-12-768x512.jpeg 768w, https:\/\/www.aydinaski.gov.tr\/wp-content\/uploads\/2023\/07\/foto-12-1536x1023.jpeg 1536w, https:\/\/www.aydinaski.gov.tr\/wp-content\/uploads\/2023\/07\/foto-12.jpeg 1600w\" sizes=\"auto, (max-width: 1024px) 100vw, 1024px\" \/><\/a><\/figure>\n<\/figure>\n","protected":false},"excerpt":{"rendered":"<p>TEKST\u0130L PARK\u2019TA S\u0130NEMA GECELER\u0130NE YO\u011eUN \u0130LG\u0130<br \/>\n\u00c7ER\u00c7\u0130O\u011eLU, \u201cAYDIN K\u00dcLT\u00dcR\u00dcN, SANATIN, SOSYAL YA\u015eAMIN MERKEZ\u0130D\u0130R\u201d<\/p>\n","protected":false},"author":1,"featured_media":3686,"comment_status":"closed","ping_status":"","sticky":false,"template":"","format":"standard","meta":{"ngg_post_thumbnail":0,"footnotes":""},"categories":[9],"tags":[],"class_list":["post-3685","post","type-post","status-publish","format-standard","has-post-thumbnail","hentry","category-haberler"],"_links":{"self":[{"href":"https:\/\/www.aydinaski.gov.tr\/index.php\/wp-json\/wp\/v2\/posts\/3685","targetHints":{"allow":["GET"]}}],"collection":[{"href":"https:\/\/www.aydinaski.gov.tr\/index.php\/wp-json\/wp\/v2\/posts"}],"about":[{"href":"https:\/\/www.aydinaski.gov.tr\/index.php\/wp-json\/wp\/v2\/types\/post"}],"author":[{"embeddable":true,"href":"https:\/\/www.aydinaski.gov.tr\/index.php\/wp-json\/wp\/v2\/users\/1"}],"replies":[{"embeddable":true,"href":"https:\/\/www.aydinaski.gov.tr\/index.php\/wp-json\/wp\/v2\/comments?post=3685"}],"version-history":[{"count":1,"href":"https:\/\/www.aydinaski.gov.tr\/index.php\/wp-json\/wp\/v2\/posts\/3685\/revisions"}],"predecessor-version":[{"id":3699,"href":"https:\/\/www.aydinaski.gov.tr\/index.php\/wp-json\/wp\/v2\/posts\/3685\/revisions\/3699"}],"wp:featuredmedia":[{"embeddable":true,"href":"https:\/\/www.aydinaski.gov.tr\/index.php\/wp-json\/wp\/v2\/media\/3686"}],"wp:attachment":[{"href":"https:\/\/www.aydinaski.gov.tr\/index.php\/wp-json\/wp\/v2\/media?parent=3685"}],"wp:term":[{"taxonomy":"category","embeddable":true,"href":"https:\/\/www.aydinaski.gov.tr\/index.php\/wp-json\/wp\/v2\/categories?post=3685"},{"taxonomy":"post_tag","embeddable":true,"href":"https:\/\/www.aydinaski.gov.tr\/index.php\/wp-json\/wp\/v2\/tags?post=3685"}],"curies":[{"name":"wp","href":"https:\/\/api.w.org\/{rel}","templated":true}]}}