{"id":3607,"date":"2023-07-05T12:14:57","date_gmt":"2023-07-05T09:14:57","guid":{"rendered":"https:\/\/www.aydinaski.gov.tr\/?p=3607"},"modified":"2023-07-05T12:20:37","modified_gmt":"2023-07-05T09:20:37","slug":"aydin-tekstil-parkta-sinema-geceleri-basladi","status":"publish","type":"post","link":"https:\/\/www.aydinaski.gov.tr\/index.php\/2023\/07\/05\/aydin-tekstil-parkta-sinema-geceleri-basladi\/","title":{"rendered":"AYDIN TEKST\u0130L PARK\u2019TA S\u0130NEMA GECELER\u0130 BA\u015eLADI"},"content":{"rendered":"\n<p>Sinema d\u00fcnyas\u0131n\u0131n birbirinden de\u011ferli eserlerinin g\u00f6steriminin yap\u0131laca\u011f\u0131 Ayd\u0131n Tekstil Park\u2019taki sinema geceleri <strong>\u201c\u0130nan\u0131lmaz Aile\u201d<\/strong> filmi ile ba\u015flad\u0131. Ayd\u0131n B\u00fcy\u00fck\u015fehir Belediyesi taraf\u0131ndan Ayd\u0131n\u2019a kazand\u0131r\u0131lan Tekstil Park\u2019ta yap\u0131lan g\u00f6sterimde 10 bine yak\u0131n Ayd\u0131nl\u0131 keyifli dakikalar ge\u00e7irdi.<\/p>\n\n\n\n<p>Tekstil Park\u2019ta bir sonraki g\u00f6sterim, 5 Temmuz \u00c7ar\u015famba g\u00fcn\u00fc ba\u015frollerini Demet Akba\u011f ile Zafer Alg\u00f6z\u2019\u00fcn payla\u015ft\u0131\u011f\u0131 <strong>\u201cG\u00f6revimiz Tatil\u201d<\/strong> ile devam edecek. Saat 21.00\u2019deki g\u00f6sterim \u00fccretsiz izlenebilecek.<\/p>\n\n\n\n<p>Ayd\u0131n B\u00fcy\u00fck\u015fehir Belediye Ba\u015fkan\u0131 \u00d6zlem \u00c7er\u00e7io\u011flu, a\u00e7\u0131k alanda film izlemek isteyen t\u00fcm Ayd\u0131nl\u0131lar\u0131 Tekstil Park\u2019taki sinema gecelerine davet etti.<\/p>\n\n\n\n<figure class=\"wp-block-gallery has-nested-images columns-default is-cropped wp-block-gallery-1 is-layout-flex wp-block-gallery-is-layout-flex\">\n<figure class=\"wp-block-image size-large\"><a href=\"https:\/\/www.aydinaski.gov.tr\/wp-content\/uploads\/2023\/07\/Tekstil-Sinema-1.jpg\"><img loading=\"lazy\" decoding=\"async\" width=\"1024\" height=\"683\" data-id=\"3610\" src=\"https:\/\/www.aydinaski.gov.tr\/wp-content\/uploads\/2023\/07\/Tekstil-Sinema-1.jpg\" alt=\"\" class=\"wp-image-3610\" srcset=\"https:\/\/www.aydinaski.gov.tr\/wp-content\/uploads\/2023\/07\/Tekstil-Sinema-1.jpg 1024w, https:\/\/www.aydinaski.gov.tr\/wp-content\/uploads\/2023\/07\/Tekstil-Sinema-1-300x200.jpg 300w, https:\/\/www.aydinaski.gov.tr\/wp-content\/uploads\/2023\/07\/Tekstil-Sinema-1-768x512.jpg 768w\" sizes=\"auto, (max-width: 1024px) 100vw, 1024px\" \/><\/a><\/figure>\n\n\n\n<figure class=\"wp-block-image size-large\"><a href=\"https:\/\/www.aydinaski.gov.tr\/wp-content\/uploads\/2023\/07\/Tekstil-Sinema-2.jpg\"><img loading=\"lazy\" decoding=\"async\" width=\"1024\" height=\"683\" data-id=\"3613\" src=\"https:\/\/www.aydinaski.gov.tr\/wp-content\/uploads\/2023\/07\/Tekstil-Sinema-2.jpg\" alt=\"\" class=\"wp-image-3613\" srcset=\"https:\/\/www.aydinaski.gov.tr\/wp-content\/uploads\/2023\/07\/Tekstil-Sinema-2.jpg 1024w, https:\/\/www.aydinaski.gov.tr\/wp-content\/uploads\/2023\/07\/Tekstil-Sinema-2-300x200.jpg 300w, https:\/\/www.aydinaski.gov.tr\/wp-content\/uploads\/2023\/07\/Tekstil-Sinema-2-768x512.jpg 768w\" sizes=\"auto, (max-width: 1024px) 100vw, 1024px\" \/><\/a><\/figure>\n\n\n\n<figure class=\"wp-block-image size-large\"><a href=\"https:\/\/www.aydinaski.gov.tr\/wp-content\/uploads\/2023\/07\/Tekstil-Sinema-3.jpg\"><img loading=\"lazy\" decoding=\"async\" width=\"1024\" height=\"683\" data-id=\"3609\" src=\"https:\/\/www.aydinaski.gov.tr\/wp-content\/uploads\/2023\/07\/Tekstil-Sinema-3.jpg\" alt=\"\" class=\"wp-image-3609\" srcset=\"https:\/\/www.aydinaski.gov.tr\/wp-content\/uploads\/2023\/07\/Tekstil-Sinema-3.jpg 1024w, https:\/\/www.aydinaski.gov.tr\/wp-content\/uploads\/2023\/07\/Tekstil-Sinema-3-300x200.jpg 300w, https:\/\/www.aydinaski.gov.tr\/wp-content\/uploads\/2023\/07\/Tekstil-Sinema-3-768x512.jpg 768w\" sizes=\"auto, (max-width: 1024px) 100vw, 1024px\" \/><\/a><\/figure>\n\n\n\n<figure class=\"wp-block-image size-large\"><a href=\"https:\/\/www.aydinaski.gov.tr\/wp-content\/uploads\/2023\/07\/Tekstil-Sinema-4.jpg\"><img loading=\"lazy\" decoding=\"async\" width=\"1024\" height=\"768\" data-id=\"3614\" src=\"https:\/\/www.aydinaski.gov.tr\/wp-content\/uploads\/2023\/07\/Tekstil-Sinema-4-1024x768.jpg\" alt=\"\" class=\"wp-image-3614\" srcset=\"https:\/\/www.aydinaski.gov.tr\/wp-content\/uploads\/2023\/07\/Tekstil-Sinema-4-1024x768.jpg 1024w, https:\/\/www.aydinaski.gov.tr\/wp-content\/uploads\/2023\/07\/Tekstil-Sinema-4-300x225.jpg 300w, https:\/\/www.aydinaski.gov.tr\/wp-content\/uploads\/2023\/07\/Tekstil-Sinema-4-768x576.jpg 768w, https:\/\/www.aydinaski.gov.tr\/wp-content\/uploads\/2023\/07\/Tekstil-Sinema-4-1536x1152.jpg 1536w, https:\/\/www.aydinaski.gov.tr\/wp-content\/uploads\/2023\/07\/Tekstil-Sinema-4.jpg 2048w\" sizes=\"auto, (max-width: 1024px) 100vw, 1024px\" \/><\/a><\/figure>\n\n\n\n<figure class=\"wp-block-image size-large\"><a href=\"https:\/\/www.aydinaski.gov.tr\/wp-content\/uploads\/2023\/07\/Tekstil-Sinema-5.jpg\"><img loading=\"lazy\" decoding=\"async\" width=\"1024\" height=\"768\" data-id=\"3612\" src=\"https:\/\/www.aydinaski.gov.tr\/wp-content\/uploads\/2023\/07\/Tekstil-Sinema-5-1024x768.jpg\" alt=\"\" class=\"wp-image-3612\" srcset=\"https:\/\/www.aydinaski.gov.tr\/wp-content\/uploads\/2023\/07\/Tekstil-Sinema-5-1024x768.jpg 1024w, https:\/\/www.aydinaski.gov.tr\/wp-content\/uploads\/2023\/07\/Tekstil-Sinema-5-300x225.jpg 300w, https:\/\/www.aydinaski.gov.tr\/wp-content\/uploads\/2023\/07\/Tekstil-Sinema-5-768x576.jpg 768w, https:\/\/www.aydinaski.gov.tr\/wp-content\/uploads\/2023\/07\/Tekstil-Sinema-5-1536x1152.jpg 1536w, https:\/\/www.aydinaski.gov.tr\/wp-content\/uploads\/2023\/07\/Tekstil-Sinema-5.jpg 2048w\" sizes=\"auto, (max-width: 1024px) 100vw, 1024px\" \/><\/a><\/figure>\n\n\n\n<figure class=\"wp-block-image size-large\"><a href=\"https:\/\/www.aydinaski.gov.tr\/wp-content\/uploads\/2023\/07\/Tekstil-Sinema-6.jpg\"><img loading=\"lazy\" decoding=\"async\" width=\"1024\" height=\"683\" data-id=\"3611\" src=\"https:\/\/www.aydinaski.gov.tr\/wp-content\/uploads\/2023\/07\/Tekstil-Sinema-6.jpg\" alt=\"\" class=\"wp-image-3611\" srcset=\"https:\/\/www.aydinaski.gov.tr\/wp-content\/uploads\/2023\/07\/Tekstil-Sinema-6.jpg 1024w, https:\/\/www.aydinaski.gov.tr\/wp-content\/uploads\/2023\/07\/Tekstil-Sinema-6-300x200.jpg 300w, https:\/\/www.aydinaski.gov.tr\/wp-content\/uploads\/2023\/07\/Tekstil-Sinema-6-768x512.jpg 768w\" sizes=\"auto, (max-width: 1024px) 100vw, 1024px\" \/><\/a><\/figure>\n\n\n\n<figure class=\"wp-block-image size-large\"><a href=\"https:\/\/www.aydinaski.gov.tr\/wp-content\/uploads\/2023\/07\/Tekstil-Sinema-7-1.jpg\"><img loading=\"lazy\" decoding=\"async\" width=\"1024\" height=\"768\" data-id=\"3616\" src=\"https:\/\/www.aydinaski.gov.tr\/wp-content\/uploads\/2023\/07\/Tekstil-Sinema-7-1-1024x768.jpg\" alt=\"\" class=\"wp-image-3616\" srcset=\"https:\/\/www.aydinaski.gov.tr\/wp-content\/uploads\/2023\/07\/Tekstil-Sinema-7-1-1024x768.jpg 1024w, https:\/\/www.aydinaski.gov.tr\/wp-content\/uploads\/2023\/07\/Tekstil-Sinema-7-1-300x225.jpg 300w, https:\/\/www.aydinaski.gov.tr\/wp-content\/uploads\/2023\/07\/Tekstil-Sinema-7-1-768x576.jpg 768w, https:\/\/www.aydinaski.gov.tr\/wp-content\/uploads\/2023\/07\/Tekstil-Sinema-7-1-1536x1152.jpg 1536w, https:\/\/www.aydinaski.gov.tr\/wp-content\/uploads\/2023\/07\/Tekstil-Sinema-7-1.jpg 2000w\" sizes=\"auto, (max-width: 1024px) 100vw, 1024px\" \/><\/a><\/figure>\n\n\n\n<figure class=\"wp-block-image size-large\"><a href=\"https:\/\/www.aydinaski.gov.tr\/wp-content\/uploads\/2023\/07\/Tekstil-Sinema-8.jpg\"><img loading=\"lazy\" decoding=\"async\" width=\"1024\" height=\"683\" data-id=\"3617\" src=\"https:\/\/www.aydinaski.gov.tr\/wp-content\/uploads\/2023\/07\/Tekstil-Sinema-8.jpg\" alt=\"\" class=\"wp-image-3617\" srcset=\"https:\/\/www.aydinaski.gov.tr\/wp-content\/uploads\/2023\/07\/Tekstil-Sinema-8.jpg 1024w, https:\/\/www.aydinaski.gov.tr\/wp-content\/uploads\/2023\/07\/Tekstil-Sinema-8-300x200.jpg 300w, https:\/\/www.aydinaski.gov.tr\/wp-content\/uploads\/2023\/07\/Tekstil-Sinema-8-768x512.jpg 768w\" sizes=\"auto, (max-width: 1024px) 100vw, 1024px\" \/><\/a><\/figure>\n\n\n\n<figure class=\"wp-block-image size-large\"><a href=\"https:\/\/www.aydinaski.gov.tr\/wp-content\/uploads\/2023\/07\/Tekstil-Sinema-9.jpg\"><img loading=\"lazy\" decoding=\"async\" width=\"1024\" height=\"683\" data-id=\"3615\" src=\"https:\/\/www.aydinaski.gov.tr\/wp-content\/uploads\/2023\/07\/Tekstil-Sinema-9.jpg\" alt=\"\" class=\"wp-image-3615\" srcset=\"https:\/\/www.aydinaski.gov.tr\/wp-content\/uploads\/2023\/07\/Tekstil-Sinema-9.jpg 1024w, https:\/\/www.aydinaski.gov.tr\/wp-content\/uploads\/2023\/07\/Tekstil-Sinema-9-300x200.jpg 300w, https:\/\/www.aydinaski.gov.tr\/wp-content\/uploads\/2023\/07\/Tekstil-Sinema-9-768x512.jpg 768w\" sizes=\"auto, (max-width: 1024px) 100vw, 1024px\" \/><\/a><\/figure>\n\n\n\n<figure class=\"wp-block-image size-large\"><a href=\"https:\/\/www.aydinaski.gov.tr\/wp-content\/uploads\/2023\/07\/Tekstil-Sinema-10.jpg\"><img loading=\"lazy\" decoding=\"async\" width=\"1024\" height=\"768\" data-id=\"3618\" src=\"https:\/\/www.aydinaski.gov.tr\/wp-content\/uploads\/2023\/07\/Tekstil-Sinema-10-1024x768.jpg\" alt=\"\" class=\"wp-image-3618\" srcset=\"https:\/\/www.aydinaski.gov.tr\/wp-content\/uploads\/2023\/07\/Tekstil-Sinema-10-1024x768.jpg 1024w, https:\/\/www.aydinaski.gov.tr\/wp-content\/uploads\/2023\/07\/Tekstil-Sinema-10-300x225.jpg 300w, https:\/\/www.aydinaski.gov.tr\/wp-content\/uploads\/2023\/07\/Tekstil-Sinema-10-768x576.jpg 768w, https:\/\/www.aydinaski.gov.tr\/wp-content\/uploads\/2023\/07\/Tekstil-Sinema-10-1536x1152.jpg 1536w, https:\/\/www.aydinaski.gov.tr\/wp-content\/uploads\/2023\/07\/Tekstil-Sinema-10.jpg 2048w\" sizes=\"auto, (max-width: 1024px) 100vw, 1024px\" \/><\/a><\/figure>\n\n\n\n<figure class=\"wp-block-image size-large\"><a href=\"https:\/\/www.aydinaski.gov.tr\/wp-content\/uploads\/2023\/07\/Tekstil-Sinema-11.jpg\"><img loading=\"lazy\" decoding=\"async\" width=\"1024\" height=\"768\" data-id=\"3619\" src=\"https:\/\/www.aydinaski.gov.tr\/wp-content\/uploads\/2023\/07\/Tekstil-Sinema-11-1024x768.jpg\" alt=\"\" class=\"wp-image-3619\" srcset=\"https:\/\/www.aydinaski.gov.tr\/wp-content\/uploads\/2023\/07\/Tekstil-Sinema-11-1024x768.jpg 1024w, https:\/\/www.aydinaski.gov.tr\/wp-content\/uploads\/2023\/07\/Tekstil-Sinema-11-300x225.jpg 300w, https:\/\/www.aydinaski.gov.tr\/wp-content\/uploads\/2023\/07\/Tekstil-Sinema-11-768x576.jpg 768w, https:\/\/www.aydinaski.gov.tr\/wp-content\/uploads\/2023\/07\/Tekstil-Sinema-11-1536x1152.jpg 1536w, https:\/\/www.aydinaski.gov.tr\/wp-content\/uploads\/2023\/07\/Tekstil-Sinema-11.jpg 2048w\" sizes=\"auto, (max-width: 1024px) 100vw, 1024px\" \/><\/a><\/figure>\n\n\n\n<figure class=\"wp-block-image size-large\"><a href=\"https:\/\/www.aydinaski.gov.tr\/wp-content\/uploads\/2023\/07\/Tekstil-Sinema-12.jpg\"><img loading=\"lazy\" decoding=\"async\" width=\"1024\" height=\"683\" data-id=\"3620\" src=\"https:\/\/www.aydinaski.gov.tr\/wp-content\/uploads\/2023\/07\/Tekstil-Sinema-12.jpg\" alt=\"\" class=\"wp-image-3620\" srcset=\"https:\/\/www.aydinaski.gov.tr\/wp-content\/uploads\/2023\/07\/Tekstil-Sinema-12.jpg 1024w, https:\/\/www.aydinaski.gov.tr\/wp-content\/uploads\/2023\/07\/Tekstil-Sinema-12-300x200.jpg 300w, https:\/\/www.aydinaski.gov.tr\/wp-content\/uploads\/2023\/07\/Tekstil-Sinema-12-768x512.jpg 768w\" sizes=\"auto, (max-width: 1024px) 100vw, 1024px\" \/><\/a><\/figure>\n<\/figure>\n","protected":false},"excerpt":{"rendered":"<p>AYDIN TEKST\u0130L PARK\u2019TA S\u0130NEMA GECELER\u0130 BA\u015eLADI<\/p>\n","protected":false},"author":1,"featured_media":3608,"comment_status":"closed","ping_status":"","sticky":false,"template":"","format":"standard","meta":{"ngg_post_thumbnail":0,"footnotes":""},"categories":[9],"tags":[],"class_list":["post-3607","post","type-post","status-publish","format-standard","has-post-thumbnail","hentry","category-haberler"],"_links":{"self":[{"href":"https:\/\/www.aydinaski.gov.tr\/index.php\/wp-json\/wp\/v2\/posts\/3607","targetHints":{"allow":["GET"]}}],"collection":[{"href":"https:\/\/www.aydinaski.gov.tr\/index.php\/wp-json\/wp\/v2\/posts"}],"about":[{"href":"https:\/\/www.aydinaski.gov.tr\/index.php\/wp-json\/wp\/v2\/types\/post"}],"author":[{"embeddable":true,"href":"https:\/\/www.aydinaski.gov.tr\/index.php\/wp-json\/wp\/v2\/users\/1"}],"replies":[{"embeddable":true,"href":"https:\/\/www.aydinaski.gov.tr\/index.php\/wp-json\/wp\/v2\/comments?post=3607"}],"version-history":[{"count":1,"href":"https:\/\/www.aydinaski.gov.tr\/index.php\/wp-json\/wp\/v2\/posts\/3607\/revisions"}],"predecessor-version":[{"id":3621,"href":"https:\/\/www.aydinaski.gov.tr\/index.php\/wp-json\/wp\/v2\/posts\/3607\/revisions\/3621"}],"wp:featuredmedia":[{"embeddable":true,"href":"https:\/\/www.aydinaski.gov.tr\/index.php\/wp-json\/wp\/v2\/media\/3608"}],"wp:attachment":[{"href":"https:\/\/www.aydinaski.gov.tr\/index.php\/wp-json\/wp\/v2\/media?parent=3607"}],"wp:term":[{"taxonomy":"category","embeddable":true,"href":"https:\/\/www.aydinaski.gov.tr\/index.php\/wp-json\/wp\/v2\/categories?post=3607"},{"taxonomy":"post_tag","embeddable":true,"href":"https:\/\/www.aydinaski.gov.tr\/index.php\/wp-json\/wp\/v2\/tags?post=3607"}],"curies":[{"name":"wp","href":"https:\/\/api.w.org\/{rel}","templated":true}]}}