{"id":3290,"date":"2023-06-14T12:35:15","date_gmt":"2023-06-14T09:35:15","guid":{"rendered":"https:\/\/www.aydinaski.gov.tr\/?p=3290"},"modified":"2023-06-14T12:35:15","modified_gmt":"2023-06-14T09:35:15","slug":"aydin-buyuksehir-belediyesi-cine-kahraman-mahallesi-yolunu-yeniliyor","status":"publish","type":"post","link":"https:\/\/www.aydinaski.gov.tr\/index.php\/2023\/06\/14\/aydin-buyuksehir-belediyesi-cine-kahraman-mahallesi-yolunu-yeniliyor\/","title":{"rendered":"AYDIN B\u00dcY\u00dcK\u015eEH\u0130R BELED\u0130YES\u0130 \u00c7\u0130NE KAHRAMAN MAHALLES\u0130 YOLUNU YEN\u0130L\u0130YOR"},"content":{"rendered":"\n<p>Ayd\u0131n B\u00fcy\u00fck\u015fehir Belediyesi, kent genelinde vatanda\u015flar i\u00e7in daha g\u00fcvenli ve konforlu yollar olu\u015fturmaya devam ediyor. Yat\u0131r\u0131mlar\u0131na her ge\u00e7en g\u00fcn bir yenisini daha ekleyen B\u00fcy\u00fck\u015fehir, \u00c7ine il\u00e7esi Kahraman Mahallesi yolunda da s\u0131cak asfalt serimi \u00e7al\u0131\u015fmalar\u0131n\u0131 s\u00fcrd\u00fcr\u00fcyor. Ayd\u0131n B\u00fcy\u00fck\u015fehir Belediye Ba\u015fkan\u0131 \u00d6zlem \u00c7er\u00e7io\u011flu, \u2018\u2018<strong>Vatanda\u015flar\u0131m\u0131z\u0131n en iyiyi hak etti\u011fini bilerek yol yap\u0131m ve yenileme \u00e7al\u0131\u015fmalar\u0131m\u0131za h\u0131z kesmeden devam ediyoruz<\/strong>\u2019\u2019 dedi.<\/p>\n\n\n\n<p>Kente yeni yollar kazand\u0131rmak ve mevcut yollar\u0131 yenilemek i\u00e7in \u00e7al\u0131\u015fmalar\u0131n\u0131 s\u00fcrd\u00fcren Fen \u0130\u015fleri Dairesi Ba\u015fkanl\u0131\u011f\u0131 Yol Yap\u0131m ve Bak\u0131m \u015eube M\u00fcd\u00fcrl\u00fc\u011f\u00fc ekipleri, \u00c7ine il\u00e7esi Kahraman Mahallesi yolunda s\u0131cak asfalt \u00e7al\u0131\u015fmas\u0131 ger\u00e7ekle\u015ftiriyor. Ekipler, s\u0131cak asfalt seriminin ard\u0131ndan \u015ferit \u00e7izgilerinin \u00e7ekilmesi ve yol i\u015faretlemelerinin yap\u0131lmas\u0131 ile \u00e7al\u0131\u015fmalar\u0131n\u0131 tamamlayacak.<\/p>\n\n\n\n<p><strong>Vatanda\u015flardan Ba\u015fkan \u00c7er\u00e7io\u011flu\u2019na hizmet te\u015fekk\u00fcr\u00fc<\/strong><\/p>\n\n\n\n<p>Vatanda\u015flar, yap\u0131lan hizmetlerden olduk\u00e7a memnun olduklar\u0131n\u0131 belirtti ve h\u0131zl\u0131, planl\u0131 ve koordineli bir \u015fekilde s\u00fcrd\u00fcr\u00fclen \u00e7al\u0131\u015fmalar i\u00e7in \u00c7er\u00e7io\u011flu\u2019na te\u015fekk\u00fcr etti.<\/p>\n","protected":false},"excerpt":{"rendered":"<p>AYDIN B\u00dcY\u00dcK\u015eEH\u0130R BELED\u0130YES\u0130 \u00c7\u0130NE KAHRAMAN MAHALLES\u0130 YOLUNU YEN\u0130L\u0130YOR<\/p>\n","protected":false},"author":1,"featured_media":3291,"comment_status":"closed","ping_status":"","sticky":false,"template":"","format":"standard","meta":{"ngg_post_thumbnail":0,"footnotes":""},"categories":[9],"tags":[],"class_list":["post-3290","post","type-post","status-publish","format-standard","has-post-thumbnail","hentry","category-haberler"],"_links":{"self":[{"href":"https:\/\/www.aydinaski.gov.tr\/index.php\/wp-json\/wp\/v2\/posts\/3290","targetHints":{"allow":["GET"]}}],"collection":[{"href":"https:\/\/www.aydinaski.gov.tr\/index.php\/wp-json\/wp\/v2\/posts"}],"about":[{"href":"https:\/\/www.aydinaski.gov.tr\/index.php\/wp-json\/wp\/v2\/types\/post"}],"author":[{"embeddable":true,"href":"https:\/\/www.aydinaski.gov.tr\/index.php\/wp-json\/wp\/v2\/users\/1"}],"replies":[{"embeddable":true,"href":"https:\/\/www.aydinaski.gov.tr\/index.php\/wp-json\/wp\/v2\/comments?post=3290"}],"version-history":[{"count":1,"href":"https:\/\/www.aydinaski.gov.tr\/index.php\/wp-json\/wp\/v2\/posts\/3290\/revisions"}],"predecessor-version":[{"id":3292,"href":"https:\/\/www.aydinaski.gov.tr\/index.php\/wp-json\/wp\/v2\/posts\/3290\/revisions\/3292"}],"wp:featuredmedia":[{"embeddable":true,"href":"https:\/\/www.aydinaski.gov.tr\/index.php\/wp-json\/wp\/v2\/media\/3291"}],"wp:attachment":[{"href":"https:\/\/www.aydinaski.gov.tr\/index.php\/wp-json\/wp\/v2\/media?parent=3290"}],"wp:term":[{"taxonomy":"category","embeddable":true,"href":"https:\/\/www.aydinaski.gov.tr\/index.php\/wp-json\/wp\/v2\/categories?post=3290"},{"taxonomy":"post_tag","embeddable":true,"href":"https:\/\/www.aydinaski.gov.tr\/index.php\/wp-json\/wp\/v2\/tags?post=3290"}],"curies":[{"name":"wp","href":"https:\/\/api.w.org\/{rel}","templated":true}]}}