{"id":3157,"date":"2023-06-06T15:35:41","date_gmt":"2023-06-06T12:35:41","guid":{"rendered":"https:\/\/www.aydinaski.gov.tr\/?p=3157"},"modified":"2023-06-06T15:36:09","modified_gmt":"2023-06-06T12:36:09","slug":"aydin-buyuksehir-belediyesi-kursiyerleri-resim-yeteneklerini-sergiliyor","status":"publish","type":"post","link":"https:\/\/www.aydinaski.gov.tr\/index.php\/2023\/06\/06\/aydin-buyuksehir-belediyesi-kursiyerleri-resim-yeteneklerini-sergiliyor\/","title":{"rendered":"AYDIN B\u00dcY\u00dcK\u015eEH\u0130R BELED\u0130YES\u0130 KURS\u0130YERLER\u0130 RES\u0130M YETENEKLER\u0130N\u0130 SERG\u0130L\u0130YOR"},"content":{"rendered":"\n<p>Sanata ve sanat\u00e7\u0131ya \u00f6nem veren Ayd\u0131n B\u00fcy\u00fck\u015fehir Belediyesi\u2019nin bu y\u0131l da d\u00fczenledi\u011fi resim kurslar\u0131nda y\u00fczlerce kursiyer resim yeteneklerini geli\u015ftirdi. Ayd\u0131n B\u00fcy\u00fck\u015fehir Belediye Ba\u015fkan\u0131 \u00d6zlem \u00c7er\u00e7io\u011flu resim kurslar\u0131na kat\u0131lan herkesi tebrik ederken, yeni yetenekler kazanmak isteyen her ya\u015ftan Ayd\u0131nl\u0131y\u0131 k\u00fclt\u00fcr merkezlerine davet etti.<\/p>\n\n\n\n<p>G\u00fcz d\u00f6nemi boyunca Ayd\u0131n genelindeki k\u00fclt\u00fcr merkezlerinde d\u00fczenlenen kurslara kat\u0131lan 500\u2019den fazla resim kursiyeri, yeteneklerini d\u00fczenlenen karma sergide g\u00f6sterdi. Vali Yaz\u0131c\u0131o\u011flu K\u00fclt\u00fcr Merkezi\u2019nde d\u00fczenlenen sergide her ya\u015ftan kursiyerin resimleri yer al\u0131yor. Sergide kursiyerlerin k\u00e2\u011f\u0131t veya tuval \u00fczerine suluboya, ya\u011fl\u0131boya, karakalem ve akrilikle yap\u0131lm\u0131\u015f resimleri bulunuyor. Her ya\u015ftan Ayd\u0131nl\u0131n\u0131n resimlerinin sergilendi\u011fi sergi 9 Haziran\u2019a kadar g\u00f6r\u00fclebilecek.<\/p>\n\n\n\n<figure class=\"wp-block-gallery has-nested-images columns-default is-cropped wp-block-gallery-1 is-layout-flex wp-block-gallery-is-layout-flex\">\n<figure class=\"wp-block-image size-large\"><a href=\"https:\/\/www.aydinaski.gov.tr\/wp-content\/uploads\/2023\/06\/Yilsonu-Resim-Sergisi-1.jpg\"><img loading=\"lazy\" decoding=\"async\" width=\"1024\" height=\"682\" data-id=\"3159\" src=\"https:\/\/www.aydinaski.gov.tr\/wp-content\/uploads\/2023\/06\/Yilsonu-Resim-Sergisi-1-1024x682.jpg\" alt=\"\" class=\"wp-image-3159\" srcset=\"https:\/\/www.aydinaski.gov.tr\/wp-content\/uploads\/2023\/06\/Yilsonu-Resim-Sergisi-1-1024x682.jpg 1024w, https:\/\/www.aydinaski.gov.tr\/wp-content\/uploads\/2023\/06\/Yilsonu-Resim-Sergisi-1-300x200.jpg 300w, https:\/\/www.aydinaski.gov.tr\/wp-content\/uploads\/2023\/06\/Yilsonu-Resim-Sergisi-1-768x512.jpg 768w, https:\/\/www.aydinaski.gov.tr\/wp-content\/uploads\/2023\/06\/Yilsonu-Resim-Sergisi-1-1536x1023.jpg 1536w, https:\/\/www.aydinaski.gov.tr\/wp-content\/uploads\/2023\/06\/Yilsonu-Resim-Sergisi-1.jpg 1600w\" sizes=\"auto, (max-width: 1024px) 100vw, 1024px\" \/><\/a><\/figure>\n\n\n\n<figure class=\"wp-block-image size-large\"><a href=\"https:\/\/www.aydinaski.gov.tr\/wp-content\/uploads\/2023\/06\/Yilsonu-Resim-Sergisi-3.jpg\"><img loading=\"lazy\" decoding=\"async\" width=\"1024\" height=\"682\" data-id=\"3160\" src=\"https:\/\/www.aydinaski.gov.tr\/wp-content\/uploads\/2023\/06\/Yilsonu-Resim-Sergisi-3-1024x682.jpg\" alt=\"\" class=\"wp-image-3160\" srcset=\"https:\/\/www.aydinaski.gov.tr\/wp-content\/uploads\/2023\/06\/Yilsonu-Resim-Sergisi-3-1024x682.jpg 1024w, https:\/\/www.aydinaski.gov.tr\/wp-content\/uploads\/2023\/06\/Yilsonu-Resim-Sergisi-3-300x200.jpg 300w, https:\/\/www.aydinaski.gov.tr\/wp-content\/uploads\/2023\/06\/Yilsonu-Resim-Sergisi-3-768x512.jpg 768w, https:\/\/www.aydinaski.gov.tr\/wp-content\/uploads\/2023\/06\/Yilsonu-Resim-Sergisi-3-1536x1023.jpg 1536w, https:\/\/www.aydinaski.gov.tr\/wp-content\/uploads\/2023\/06\/Yilsonu-Resim-Sergisi-3.jpg 1600w\" sizes=\"auto, (max-width: 1024px) 100vw, 1024px\" \/><\/a><\/figure>\n\n\n\n<figure class=\"wp-block-image size-large\"><a href=\"https:\/\/www.aydinaski.gov.tr\/wp-content\/uploads\/2023\/06\/Yilsonu-Resim-Sergisi-4.jpg\"><img loading=\"lazy\" decoding=\"async\" width=\"1024\" height=\"682\" data-id=\"3162\" src=\"https:\/\/www.aydinaski.gov.tr\/wp-content\/uploads\/2023\/06\/Yilsonu-Resim-Sergisi-4-1024x682.jpg\" alt=\"\" class=\"wp-image-3162\" srcset=\"https:\/\/www.aydinaski.gov.tr\/wp-content\/uploads\/2023\/06\/Yilsonu-Resim-Sergisi-4-1024x682.jpg 1024w, https:\/\/www.aydinaski.gov.tr\/wp-content\/uploads\/2023\/06\/Yilsonu-Resim-Sergisi-4-300x200.jpg 300w, https:\/\/www.aydinaski.gov.tr\/wp-content\/uploads\/2023\/06\/Yilsonu-Resim-Sergisi-4-768x512.jpg 768w, https:\/\/www.aydinaski.gov.tr\/wp-content\/uploads\/2023\/06\/Yilsonu-Resim-Sergisi-4-1536x1023.jpg 1536w, https:\/\/www.aydinaski.gov.tr\/wp-content\/uploads\/2023\/06\/Yilsonu-Resim-Sergisi-4.jpg 1600w\" sizes=\"auto, (max-width: 1024px) 100vw, 1024px\" \/><\/a><\/figure>\n\n\n\n<figure class=\"wp-block-image size-large\"><a href=\"https:\/\/www.aydinaski.gov.tr\/wp-content\/uploads\/2023\/06\/Yilsonu-Resim-Sergisi-5.jpg\"><img loading=\"lazy\" decoding=\"async\" width=\"1024\" height=\"682\" data-id=\"3161\" src=\"https:\/\/www.aydinaski.gov.tr\/wp-content\/uploads\/2023\/06\/Yilsonu-Resim-Sergisi-5-1024x682.jpg\" alt=\"\" class=\"wp-image-3161\" srcset=\"https:\/\/www.aydinaski.gov.tr\/wp-content\/uploads\/2023\/06\/Yilsonu-Resim-Sergisi-5-1024x682.jpg 1024w, https:\/\/www.aydinaski.gov.tr\/wp-content\/uploads\/2023\/06\/Yilsonu-Resim-Sergisi-5-300x200.jpg 300w, https:\/\/www.aydinaski.gov.tr\/wp-content\/uploads\/2023\/06\/Yilsonu-Resim-Sergisi-5-768x512.jpg 768w, https:\/\/www.aydinaski.gov.tr\/wp-content\/uploads\/2023\/06\/Yilsonu-Resim-Sergisi-5-1536x1023.jpg 1536w, https:\/\/www.aydinaski.gov.tr\/wp-content\/uploads\/2023\/06\/Yilsonu-Resim-Sergisi-5.jpg 1600w\" sizes=\"auto, (max-width: 1024px) 100vw, 1024px\" \/><\/a><\/figure>\n\n\n\n<figure class=\"wp-block-image size-large\"><a href=\"https:\/\/www.aydinaski.gov.tr\/wp-content\/uploads\/2023\/06\/Yilsonu-Resim-Sergisi-6.jpg\"><img loading=\"lazy\" decoding=\"async\" width=\"1024\" height=\"682\" data-id=\"3164\" src=\"https:\/\/www.aydinaski.gov.tr\/wp-content\/uploads\/2023\/06\/Yilsonu-Resim-Sergisi-6-1024x682.jpg\" alt=\"\" class=\"wp-image-3164\" srcset=\"https:\/\/www.aydinaski.gov.tr\/wp-content\/uploads\/2023\/06\/Yilsonu-Resim-Sergisi-6-1024x682.jpg 1024w, https:\/\/www.aydinaski.gov.tr\/wp-content\/uploads\/2023\/06\/Yilsonu-Resim-Sergisi-6-300x200.jpg 300w, https:\/\/www.aydinaski.gov.tr\/wp-content\/uploads\/2023\/06\/Yilsonu-Resim-Sergisi-6-768x512.jpg 768w, https:\/\/www.aydinaski.gov.tr\/wp-content\/uploads\/2023\/06\/Yilsonu-Resim-Sergisi-6-1536x1023.jpg 1536w, https:\/\/www.aydinaski.gov.tr\/wp-content\/uploads\/2023\/06\/Yilsonu-Resim-Sergisi-6.jpg 1600w\" sizes=\"auto, (max-width: 1024px) 100vw, 1024px\" \/><\/a><\/figure>\n\n\n\n<figure class=\"wp-block-image size-large\"><a href=\"https:\/\/www.aydinaski.gov.tr\/wp-content\/uploads\/2023\/06\/Yilsonu-Resim-Sergisi-7.jpg\"><img loading=\"lazy\" decoding=\"async\" width=\"1024\" height=\"682\" data-id=\"3163\" src=\"https:\/\/www.aydinaski.gov.tr\/wp-content\/uploads\/2023\/06\/Yilsonu-Resim-Sergisi-7-1024x682.jpg\" alt=\"\" class=\"wp-image-3163\" srcset=\"https:\/\/www.aydinaski.gov.tr\/wp-content\/uploads\/2023\/06\/Yilsonu-Resim-Sergisi-7-1024x682.jpg 1024w, https:\/\/www.aydinaski.gov.tr\/wp-content\/uploads\/2023\/06\/Yilsonu-Resim-Sergisi-7-300x200.jpg 300w, https:\/\/www.aydinaski.gov.tr\/wp-content\/uploads\/2023\/06\/Yilsonu-Resim-Sergisi-7-768x512.jpg 768w, https:\/\/www.aydinaski.gov.tr\/wp-content\/uploads\/2023\/06\/Yilsonu-Resim-Sergisi-7-1536x1023.jpg 1536w, https:\/\/www.aydinaski.gov.tr\/wp-content\/uploads\/2023\/06\/Yilsonu-Resim-Sergisi-7.jpg 1600w\" sizes=\"auto, (max-width: 1024px) 100vw, 1024px\" \/><\/a><\/figure>\n\n\n\n<figure class=\"wp-block-image size-large\"><a href=\"https:\/\/www.aydinaski.gov.tr\/wp-content\/uploads\/2023\/06\/Yilsonu-Resim-Sergisi-8.jpg\"><img loading=\"lazy\" decoding=\"async\" width=\"1024\" height=\"682\" data-id=\"3165\" src=\"https:\/\/www.aydinaski.gov.tr\/wp-content\/uploads\/2023\/06\/Yilsonu-Resim-Sergisi-8-1024x682.jpg\" alt=\"\" class=\"wp-image-3165\" srcset=\"https:\/\/www.aydinaski.gov.tr\/wp-content\/uploads\/2023\/06\/Yilsonu-Resim-Sergisi-8-1024x682.jpg 1024w, https:\/\/www.aydinaski.gov.tr\/wp-content\/uploads\/2023\/06\/Yilsonu-Resim-Sergisi-8-300x200.jpg 300w, https:\/\/www.aydinaski.gov.tr\/wp-content\/uploads\/2023\/06\/Yilsonu-Resim-Sergisi-8-768x512.jpg 768w, https:\/\/www.aydinaski.gov.tr\/wp-content\/uploads\/2023\/06\/Yilsonu-Resim-Sergisi-8-1536x1023.jpg 1536w, https:\/\/www.aydinaski.gov.tr\/wp-content\/uploads\/2023\/06\/Yilsonu-Resim-Sergisi-8.jpg 1600w\" sizes=\"auto, (max-width: 1024px) 100vw, 1024px\" \/><\/a><\/figure>\n\n\n\n<figure class=\"wp-block-image size-large\"><a href=\"https:\/\/www.aydinaski.gov.tr\/wp-content\/uploads\/2023\/06\/Yilsonu-Resim-Sergisi-2.jpg\"><img loading=\"lazy\" decoding=\"async\" width=\"1024\" height=\"682\" data-id=\"3158\" src=\"https:\/\/www.aydinaski.gov.tr\/wp-content\/uploads\/2023\/06\/Yilsonu-Resim-Sergisi-2-1024x682.jpg\" alt=\"\" class=\"wp-image-3158\" srcset=\"https:\/\/www.aydinaski.gov.tr\/wp-content\/uploads\/2023\/06\/Yilsonu-Resim-Sergisi-2-1024x682.jpg 1024w, https:\/\/www.aydinaski.gov.tr\/wp-content\/uploads\/2023\/06\/Yilsonu-Resim-Sergisi-2-300x200.jpg 300w, https:\/\/www.aydinaski.gov.tr\/wp-content\/uploads\/2023\/06\/Yilsonu-Resim-Sergisi-2-768x512.jpg 768w, https:\/\/www.aydinaski.gov.tr\/wp-content\/uploads\/2023\/06\/Yilsonu-Resim-Sergisi-2-1536x1023.jpg 1536w, https:\/\/www.aydinaski.gov.tr\/wp-content\/uploads\/2023\/06\/Yilsonu-Resim-Sergisi-2.jpg 1600w\" sizes=\"auto, (max-width: 1024px) 100vw, 1024px\" \/><\/a><\/figure>\n<\/figure>\n","protected":false},"excerpt":{"rendered":"<p>AYDIN B\u00dcY\u00dcK\u015eEH\u0130R BELED\u0130YES\u0130 KURS\u0130YERLER\u0130 RES\u0130M YETENEKLER\u0130N\u0130 SERG\u0130L\u0130YOR<\/p>\n","protected":false},"author":1,"featured_media":3158,"comment_status":"closed","ping_status":"","sticky":false,"template":"","format":"standard","meta":{"ngg_post_thumbnail":0,"footnotes":""},"categories":[9],"tags":[],"class_list":["post-3157","post","type-post","status-publish","format-standard","has-post-thumbnail","hentry","category-haberler"],"_links":{"self":[{"href":"https:\/\/www.aydinaski.gov.tr\/index.php\/wp-json\/wp\/v2\/posts\/3157","targetHints":{"allow":["GET"]}}],"collection":[{"href":"https:\/\/www.aydinaski.gov.tr\/index.php\/wp-json\/wp\/v2\/posts"}],"about":[{"href":"https:\/\/www.aydinaski.gov.tr\/index.php\/wp-json\/wp\/v2\/types\/post"}],"author":[{"embeddable":true,"href":"https:\/\/www.aydinaski.gov.tr\/index.php\/wp-json\/wp\/v2\/users\/1"}],"replies":[{"embeddable":true,"href":"https:\/\/www.aydinaski.gov.tr\/index.php\/wp-json\/wp\/v2\/comments?post=3157"}],"version-history":[{"count":2,"href":"https:\/\/www.aydinaski.gov.tr\/index.php\/wp-json\/wp\/v2\/posts\/3157\/revisions"}],"predecessor-version":[{"id":3167,"href":"https:\/\/www.aydinaski.gov.tr\/index.php\/wp-json\/wp\/v2\/posts\/3157\/revisions\/3167"}],"wp:featuredmedia":[{"embeddable":true,"href":"https:\/\/www.aydinaski.gov.tr\/index.php\/wp-json\/wp\/v2\/media\/3158"}],"wp:attachment":[{"href":"https:\/\/www.aydinaski.gov.tr\/index.php\/wp-json\/wp\/v2\/media?parent=3157"}],"wp:term":[{"taxonomy":"category","embeddable":true,"href":"https:\/\/www.aydinaski.gov.tr\/index.php\/wp-json\/wp\/v2\/categories?post=3157"},{"taxonomy":"post_tag","embeddable":true,"href":"https:\/\/www.aydinaski.gov.tr\/index.php\/wp-json\/wp\/v2\/tags?post=3157"}],"curies":[{"name":"wp","href":"https:\/\/api.w.org\/{rel}","templated":true}]}}