{"id":3059,"date":"2023-05-29T08:51:26","date_gmt":"2023-05-29T05:51:26","guid":{"rendered":"https:\/\/www.aydinaski.gov.tr\/?p=3059"},"modified":"2023-05-29T08:53:48","modified_gmt":"2023-05-29T05:53:48","slug":"baskan-cercioglu-kuyucak-pazarini-ziyaret-etti","status":"publish","type":"post","link":"https:\/\/www.aydinaski.gov.tr\/index.php\/2023\/05\/29\/baskan-cercioglu-kuyucak-pazarini-ziyaret-etti\/","title":{"rendered":"BA\u015eKAN \u00c7ER\u00c7\u0130O\u011eLU KUYUCAK PAZARI&#8217;NI Z\u0130YARET ETT\u0130"},"content":{"rendered":"\n<p>Ayd\u0131n B\u00fcy\u00fck\u015fehir Belediye Ba\u015fkan\u0131 \u00d6zlem \u00c7er\u00e7io\u011flu, vatanda\u015flarla Ayd\u0131n&#8217;\u0131n her noktas\u0131nda bulu\u015fmaya devam ediyor. \u00c7er\u00e7io\u011flu bug\u00fcn Kuyucak&#8217;ta vatanda\u015flarla bir araya geldi. Vatanda\u015flar, Kuyucak Pazar\u0131&#8217;n\u0131 ziyaret eden \u00c7er\u00e7io\u011flu&#8217;na yo\u011fun ilgi g\u00f6sterdi.<\/p>\n\n\n\n<p>Ziyarette \u00c7er\u00e7io\u011flu&#8217;na Cumhuriyet Halk Partisi Ayd\u0131n \u0130l Ba\u015fkan\u0131 Hikmet Saat\u00e7\u0131 ve Kuyucak \u0130l\u00e7e Ba\u015fkan\u0131 U\u011fur Do\u011fanca e\u015flik etti.<\/p>\n\n\n\n<p>Pazardan al\u0131\u015fveri\u015f yapan vatanda\u015flar, tar\u0131msal \u00fcretimin merkezlerinden olan Ayd\u0131n&#8217;da bile pazar fiyatlar\u0131n\u0131n \u00e7ok y\u00fcksek oldu\u011funu s\u00f6yledi. Vatanda\u015flar, karpuzun Ayd\u0131n&#8217;da bile birka\u00e7 y\u0131ld\u0131r dilimle sat\u0131ld\u0131\u011f\u0131n\u0131 hat\u0131rlat\u0131p, &#8220;Tenceremiz her ge\u00e7en g\u00fcn daha zor kayn\u0131yor. Durumumuz dayan\u0131lmaz bir hal ald\u0131&#8221; ifadelerini kulland\u0131.<\/p>\n\n\n\n<p>Tar\u0131msal \u00fcretimde girdi maliyetlerinin y\u00fcksek olmas\u0131ndan dolay\u0131 sebze ve meyve fiyatlar\u0131n\u0131n da s\u00fcrekli artt\u0131\u011f\u0131n\u0131 belirten \u00c7er\u00e7io\u011flu, B\u00fcy\u00fck\u015fehir Belediyesi olarak \u00fcreticiye destek olmaya devam edeceklerini s\u00f6yledi.<\/p>\n\n\n\n<figure class=\"wp-block-gallery has-nested-images columns-default is-cropped wp-block-gallery-1 is-layout-flex wp-block-gallery-is-layout-flex\">\n<figure class=\"wp-block-image size-large\"><a href=\"https:\/\/www.aydinaski.gov.tr\/wp-content\/uploads\/2023\/05\/Pazar-ziyareti-2-1.jpg\"><img loading=\"lazy\" decoding=\"async\" width=\"1024\" height=\"682\" data-id=\"3062\" src=\"https:\/\/www.aydinaski.gov.tr\/wp-content\/uploads\/2023\/05\/Pazar-ziyareti-2-1-1024x682.jpg\" alt=\"\" class=\"wp-image-3062\" srcset=\"https:\/\/www.aydinaski.gov.tr\/wp-content\/uploads\/2023\/05\/Pazar-ziyareti-2-1-1024x682.jpg 1024w, https:\/\/www.aydinaski.gov.tr\/wp-content\/uploads\/2023\/05\/Pazar-ziyareti-2-1-300x200.jpg 300w, https:\/\/www.aydinaski.gov.tr\/wp-content\/uploads\/2023\/05\/Pazar-ziyareti-2-1-768x512.jpg 768w, https:\/\/www.aydinaski.gov.tr\/wp-content\/uploads\/2023\/05\/Pazar-ziyareti-2-1-1536x1023.jpg 1536w, https:\/\/www.aydinaski.gov.tr\/wp-content\/uploads\/2023\/05\/Pazar-ziyareti-2-1.jpg 1600w\" sizes=\"auto, (max-width: 1024px) 100vw, 1024px\" \/><\/a><\/figure>\n\n\n\n<figure class=\"wp-block-image size-large\"><a href=\"https:\/\/www.aydinaski.gov.tr\/wp-content\/uploads\/2023\/05\/Pazar-ziyareti-3.jpg\"><img loading=\"lazy\" decoding=\"async\" width=\"1024\" height=\"682\" data-id=\"3065\" src=\"https:\/\/www.aydinaski.gov.tr\/wp-content\/uploads\/2023\/05\/Pazar-ziyareti-3-1024x682.jpg\" alt=\"\" class=\"wp-image-3065\" srcset=\"https:\/\/www.aydinaski.gov.tr\/wp-content\/uploads\/2023\/05\/Pazar-ziyareti-3-1024x682.jpg 1024w, https:\/\/www.aydinaski.gov.tr\/wp-content\/uploads\/2023\/05\/Pazar-ziyareti-3-300x200.jpg 300w, https:\/\/www.aydinaski.gov.tr\/wp-content\/uploads\/2023\/05\/Pazar-ziyareti-3-768x512.jpg 768w, https:\/\/www.aydinaski.gov.tr\/wp-content\/uploads\/2023\/05\/Pazar-ziyareti-3-1536x1023.jpg 1536w, https:\/\/www.aydinaski.gov.tr\/wp-content\/uploads\/2023\/05\/Pazar-ziyareti-3.jpg 1600w\" sizes=\"auto, (max-width: 1024px) 100vw, 1024px\" \/><\/a><\/figure>\n\n\n\n<figure class=\"wp-block-image size-large\"><a href=\"https:\/\/www.aydinaski.gov.tr\/wp-content\/uploads\/2023\/05\/Pazar-ziyareti-4.jpg\"><img loading=\"lazy\" decoding=\"async\" width=\"1024\" height=\"682\" data-id=\"3064\" src=\"https:\/\/www.aydinaski.gov.tr\/wp-content\/uploads\/2023\/05\/Pazar-ziyareti-4-1024x682.jpg\" alt=\"\" class=\"wp-image-3064\" srcset=\"https:\/\/www.aydinaski.gov.tr\/wp-content\/uploads\/2023\/05\/Pazar-ziyareti-4-1024x682.jpg 1024w, https:\/\/www.aydinaski.gov.tr\/wp-content\/uploads\/2023\/05\/Pazar-ziyareti-4-300x200.jpg 300w, https:\/\/www.aydinaski.gov.tr\/wp-content\/uploads\/2023\/05\/Pazar-ziyareti-4-768x512.jpg 768w, https:\/\/www.aydinaski.gov.tr\/wp-content\/uploads\/2023\/05\/Pazar-ziyareti-4-1536x1023.jpg 1536w, https:\/\/www.aydinaski.gov.tr\/wp-content\/uploads\/2023\/05\/Pazar-ziyareti-4.jpg 1600w\" sizes=\"auto, (max-width: 1024px) 100vw, 1024px\" \/><\/a><\/figure>\n\n\n\n<figure class=\"wp-block-image size-large\"><a href=\"https:\/\/www.aydinaski.gov.tr\/wp-content\/uploads\/2023\/05\/Pazar-ziyareti-5.jpg\"><img loading=\"lazy\" decoding=\"async\" width=\"1024\" height=\"682\" data-id=\"3063\" src=\"https:\/\/www.aydinaski.gov.tr\/wp-content\/uploads\/2023\/05\/Pazar-ziyareti-5-1024x682.jpg\" alt=\"\" class=\"wp-image-3063\" srcset=\"https:\/\/www.aydinaski.gov.tr\/wp-content\/uploads\/2023\/05\/Pazar-ziyareti-5-1024x682.jpg 1024w, https:\/\/www.aydinaski.gov.tr\/wp-content\/uploads\/2023\/05\/Pazar-ziyareti-5-300x200.jpg 300w, https:\/\/www.aydinaski.gov.tr\/wp-content\/uploads\/2023\/05\/Pazar-ziyareti-5-768x512.jpg 768w, https:\/\/www.aydinaski.gov.tr\/wp-content\/uploads\/2023\/05\/Pazar-ziyareti-5-1536x1023.jpg 1536w, https:\/\/www.aydinaski.gov.tr\/wp-content\/uploads\/2023\/05\/Pazar-ziyareti-5.jpg 1600w\" sizes=\"auto, (max-width: 1024px) 100vw, 1024px\" \/><\/a><\/figure>\n<\/figure>\n","protected":false},"excerpt":{"rendered":"<p>BA\u015eKAN \u00c7ER\u00c7\u0130O\u011eLU KUYUCAK PAZARI&#8217;NI Z\u0130YARET ETT\u0130<\/p>\n","protected":false},"author":1,"featured_media":3060,"comment_status":"closed","ping_status":"","sticky":false,"template":"","format":"standard","meta":{"ngg_post_thumbnail":0,"footnotes":""},"categories":[9],"tags":[],"class_list":["post-3059","post","type-post","status-publish","format-standard","has-post-thumbnail","hentry","category-haberler"],"_links":{"self":[{"href":"https:\/\/www.aydinaski.gov.tr\/index.php\/wp-json\/wp\/v2\/posts\/3059","targetHints":{"allow":["GET"]}}],"collection":[{"href":"https:\/\/www.aydinaski.gov.tr\/index.php\/wp-json\/wp\/v2\/posts"}],"about":[{"href":"https:\/\/www.aydinaski.gov.tr\/index.php\/wp-json\/wp\/v2\/types\/post"}],"author":[{"embeddable":true,"href":"https:\/\/www.aydinaski.gov.tr\/index.php\/wp-json\/wp\/v2\/users\/1"}],"replies":[{"embeddable":true,"href":"https:\/\/www.aydinaski.gov.tr\/index.php\/wp-json\/wp\/v2\/comments?post=3059"}],"version-history":[{"count":2,"href":"https:\/\/www.aydinaski.gov.tr\/index.php\/wp-json\/wp\/v2\/posts\/3059\/revisions"}],"predecessor-version":[{"id":3066,"href":"https:\/\/www.aydinaski.gov.tr\/index.php\/wp-json\/wp\/v2\/posts\/3059\/revisions\/3066"}],"wp:featuredmedia":[{"embeddable":true,"href":"https:\/\/www.aydinaski.gov.tr\/index.php\/wp-json\/wp\/v2\/media\/3060"}],"wp:attachment":[{"href":"https:\/\/www.aydinaski.gov.tr\/index.php\/wp-json\/wp\/v2\/media?parent=3059"}],"wp:term":[{"taxonomy":"category","embeddable":true,"href":"https:\/\/www.aydinaski.gov.tr\/index.php\/wp-json\/wp\/v2\/categories?post=3059"},{"taxonomy":"post_tag","embeddable":true,"href":"https:\/\/www.aydinaski.gov.tr\/index.php\/wp-json\/wp\/v2\/tags?post=3059"}],"curies":[{"name":"wp","href":"https:\/\/api.w.org\/{rel}","templated":true}]}}