{"id":2898,"date":"2023-05-17T17:14:52","date_gmt":"2023-05-17T14:14:52","guid":{"rendered":"https:\/\/www.aydinaski.gov.tr\/?p=2898"},"modified":"2023-05-17T17:14:52","modified_gmt":"2023-05-17T14:14:52","slug":"buyuksehir-aydinin-yollarini-yenilemeye-devam-ediyor","status":"publish","type":"post","link":"https:\/\/www.aydinaski.gov.tr\/index.php\/2023\/05\/17\/buyuksehir-aydinin-yollarini-yenilemeye-devam-ediyor\/","title":{"rendered":"B\u00dcY\u00dcK\u015eEH\u0130R AYDIN\u2019IN YOLLARINI YEN\u0130LEMEYE DEVAM ED\u0130YOR"},"content":{"rendered":"\n<p>Ayd\u0131n B\u00fcy\u00fck\u015fehir Belediyesi,&nbsp; hizmet odakl\u0131 belediyecilik anlay\u0131\u015f\u0131 ile kentin bir\u00e7ok noktas\u0131nda yol yap\u0131m \u00e7al\u0131\u015fmalar\u0131na devam ediyor. Fen \u0130\u015fleri Dairesi Ba\u015fkanl\u0131\u011f\u0131 Yol Yap\u0131m ve Bak\u0131m \u015eube M\u00fcd\u00fcrl\u00fc\u011f\u00fc ekipleri, &nbsp;Germencik \u015eehit Cafer Soka\u011f\u0131 ba\u015ftan sona yenileyerek vatanda\u015flar\u0131n hizmetine sundu.<\/p>\n\n\n\n<p>B\u00fcy\u00fck\u015fehir, yol yap\u0131m \u00e7al\u0131\u015fmalar\u0131n\u0131 planl\u0131, h\u0131zl\u0131 ve \u00e7\u00f6z\u00fcm odakl\u0131 olarak s\u00fcrd\u00fcr\u00fcyor ve ard\u0131 ard\u0131na \u00e7al\u0131\u015fmalar\u0131n\u0131 tamaml\u0131yor. Ekipler, Germencik \u015eehit Cafer Sokak\u2019taki h\u0131zl\u0131 \u00e7al\u0131\u015fmalar\u0131 ile k\u0131sa s\u00fcrede yolu vatanda\u015flar\u0131n hizmetine sundu. Altyap\u0131 ve \u00fcstyap\u0131 \u00e7al\u0131\u015fmalar\u0131n\u0131n tamamlanmas\u0131n\u0131n ard\u0131ndan yol \u00e7izgileri de \u00e7ekilen sokak, vatanda\u015flardan tam not ald\u0131.<\/p>\n\n\n\n<p>\u00c7al\u0131\u015fmalar\u0131n koordineli bir \u015fekilde yap\u0131ld\u0131\u011f\u0131n\u0131 belirten vatanda\u015flar, yollar\u0131n modern bir g\u00f6r\u00fcn\u00fcme sahip oldu\u011funu belirterek; yap\u0131lan hizmetler i\u00e7in Ayd\u0131n B\u00fcy\u00fck\u015fehir Belediye Ba\u015fkan\u0131 \u00d6zlem \u00c7er\u00e7io\u011flu\u2019na te\u015fekk\u00fcr etti.<\/p>\n","protected":false},"excerpt":{"rendered":"<p>B\u00dcY\u00dcK\u015eEH\u0130R AYDIN\u2019IN YOLLARINI YEN\u0130LEMEYE DEVAM ED\u0130YOR<\/p>\n","protected":false},"author":1,"featured_media":2899,"comment_status":"closed","ping_status":"","sticky":false,"template":"","format":"standard","meta":{"ngg_post_thumbnail":0,"footnotes":""},"categories":[9],"tags":[],"class_list":["post-2898","post","type-post","status-publish","format-standard","has-post-thumbnail","hentry","category-haberler"],"_links":{"self":[{"href":"https:\/\/www.aydinaski.gov.tr\/index.php\/wp-json\/wp\/v2\/posts\/2898","targetHints":{"allow":["GET"]}}],"collection":[{"href":"https:\/\/www.aydinaski.gov.tr\/index.php\/wp-json\/wp\/v2\/posts"}],"about":[{"href":"https:\/\/www.aydinaski.gov.tr\/index.php\/wp-json\/wp\/v2\/types\/post"}],"author":[{"embeddable":true,"href":"https:\/\/www.aydinaski.gov.tr\/index.php\/wp-json\/wp\/v2\/users\/1"}],"replies":[{"embeddable":true,"href":"https:\/\/www.aydinaski.gov.tr\/index.php\/wp-json\/wp\/v2\/comments?post=2898"}],"version-history":[{"count":1,"href":"https:\/\/www.aydinaski.gov.tr\/index.php\/wp-json\/wp\/v2\/posts\/2898\/revisions"}],"predecessor-version":[{"id":2900,"href":"https:\/\/www.aydinaski.gov.tr\/index.php\/wp-json\/wp\/v2\/posts\/2898\/revisions\/2900"}],"wp:featuredmedia":[{"embeddable":true,"href":"https:\/\/www.aydinaski.gov.tr\/index.php\/wp-json\/wp\/v2\/media\/2899"}],"wp:attachment":[{"href":"https:\/\/www.aydinaski.gov.tr\/index.php\/wp-json\/wp\/v2\/media?parent=2898"}],"wp:term":[{"taxonomy":"category","embeddable":true,"href":"https:\/\/www.aydinaski.gov.tr\/index.php\/wp-json\/wp\/v2\/categories?post=2898"},{"taxonomy":"post_tag","embeddable":true,"href":"https:\/\/www.aydinaski.gov.tr\/index.php\/wp-json\/wp\/v2\/tags?post=2898"}],"curies":[{"name":"wp","href":"https:\/\/api.w.org\/{rel}","templated":true}]}}