{"id":2764,"date":"2023-04-23T17:30:04","date_gmt":"2023-04-23T14:30:04","guid":{"rendered":"https:\/\/www.aydinaski.gov.tr\/?p=2764"},"modified":"2023-04-24T17:31:06","modified_gmt":"2023-04-24T14:31:06","slug":"baskan-cercioglu-ulusal-egemenlik-ve-cocuk-bayrami-kutlu-olsun","status":"publish","type":"post","link":"https:\/\/www.aydinaski.gov.tr\/index.php\/2023\/04\/23\/baskan-cercioglu-ulusal-egemenlik-ve-cocuk-bayrami-kutlu-olsun\/","title":{"rendered":"BA\u015eKAN \u00c7ER\u00c7\u0130O\u011eLU: ULUSAL EGEMENL\u0130K VE \u00c7OCUK BAYRAMI KUTLU OLSUN"},"content":{"rendered":"\n<p>Ayd\u0131n B\u00fcy\u00fck\u015fehir Belediye Ba\u015fkan\u0131 \u00d6zlem \u00c7er\u00e7io\u011flu, T\u00fcrkiye B\u00fcy\u00fck Millet Meclisi&#8217;nin kurulu\u015funun 103. y\u0131l\u0131 ve 23 Nisan Ulusal Egemenlik ve \u00c7ocuk Bayram\u0131 nedeniyle bir kutlama mesaj\u0131 yay\u0131mlad\u0131.&nbsp;<\/p>\n\n\n\n<p>Ba\u015fkan \u00c7er\u00e7io\u011flu mesaj\u0131nda \u015funlar\u0131 ifade etti:&nbsp;<\/p>\n\n\n\n<p><strong>T\u00fcrkiye B\u00fcy\u00fck Millet Meclisi\u2019nin varl\u0131\u011f\u0131, \u00fclkemizde demokrasinin yans\u0131mas\u0131d\u0131r. Gazi Mustafa Kemal Atat\u00fcrk, \u2018\u00d6zg\u00fcrl\u00fck ve ba\u011f\u0131ms\u0131zl\u0131k benim karakterimdir\u2019 diyerek Meclisimizin temelini atm\u0131\u015ft\u0131r. Meclisimiz, sava\u015f meydanlar\u0131nda verilen m\u00fccadelenin zaferle ta\u00e7land\u0131r\u0131lm\u0131\u015f halidir.&nbsp;<\/strong><\/p>\n\n\n\n<p><strong>Ola\u011fan\u00fcst\u00fc \u015fartlar\u0131n meclisi olan ilk Meclis, bu \u00fclkenin temel ta\u015flar\u0131n\u0131 d\u00f6\u015fedi ve i\u00e7erisinden bir\u00e7ok \u2018kahraman\u2019 \u00e7\u0131kararak Milli M\u00fccadele\u2019yi y\u00f6netti.&nbsp;<\/strong><\/p>\n\n\n\n<p><strong>Bundan 103 y\u0131l \u00f6nce Ankara\u2019da Gazi Meclisimizi kuran ba\u015fta Gazi Mustafa Kemal Atat\u00fcrk ve silah arkada\u015flar\u0131 olmak \u00fczere t\u00fcm gazilerimizi ve \u015fehitlerimizi \u015f\u00fckran, minnet, sayg\u0131 ve rahmetle an\u0131yoruz.<\/strong><\/p>\n\n\n\n<p><strong>Bahar\u0131n geldi\u011fi bug\u00fcnlerde \u00e7ocuklar\u0131m\u0131zla birlikte daha g\u00fczel bir gelece\u011fin hayalini kuruyoruz. T\u00fcm \u00e7ocuklar\u0131m\u0131z\u0131n 23 Nisan Ulusal Egemenlik ve \u00c7ocuk Bayram\u0131\u2019n\u0131 en i\u00e7ten duygular\u0131mla kutluyorum.&nbsp;<\/strong><\/p>\n","protected":false},"excerpt":{"rendered":"<p>BA\u015eKAN \u00c7ER\u00c7\u0130O\u011eLU: ULUSAL EGEMENL\u0130K VE \u00c7OCUK BAYRAMI KUTLU OLSUN<\/p>\n","protected":false},"author":1,"featured_media":2632,"comment_status":"closed","ping_status":"closed","sticky":false,"template":"","format":"standard","meta":{"ngg_post_thumbnail":0,"footnotes":""},"categories":[9],"tags":[],"class_list":["post-2764","post","type-post","status-publish","format-standard","has-post-thumbnail","hentry","category-haberler"],"_links":{"self":[{"href":"https:\/\/www.aydinaski.gov.tr\/index.php\/wp-json\/wp\/v2\/posts\/2764","targetHints":{"allow":["GET"]}}],"collection":[{"href":"https:\/\/www.aydinaski.gov.tr\/index.php\/wp-json\/wp\/v2\/posts"}],"about":[{"href":"https:\/\/www.aydinaski.gov.tr\/index.php\/wp-json\/wp\/v2\/types\/post"}],"author":[{"embeddable":true,"href":"https:\/\/www.aydinaski.gov.tr\/index.php\/wp-json\/wp\/v2\/users\/1"}],"replies":[{"embeddable":true,"href":"https:\/\/www.aydinaski.gov.tr\/index.php\/wp-json\/wp\/v2\/comments?post=2764"}],"version-history":[{"count":1,"href":"https:\/\/www.aydinaski.gov.tr\/index.php\/wp-json\/wp\/v2\/posts\/2764\/revisions"}],"predecessor-version":[{"id":2765,"href":"https:\/\/www.aydinaski.gov.tr\/index.php\/wp-json\/wp\/v2\/posts\/2764\/revisions\/2765"}],"wp:featuredmedia":[{"embeddable":true,"href":"https:\/\/www.aydinaski.gov.tr\/index.php\/wp-json\/wp\/v2\/media\/2632"}],"wp:attachment":[{"href":"https:\/\/www.aydinaski.gov.tr\/index.php\/wp-json\/wp\/v2\/media?parent=2764"}],"wp:term":[{"taxonomy":"category","embeddable":true,"href":"https:\/\/www.aydinaski.gov.tr\/index.php\/wp-json\/wp\/v2\/categories?post=2764"},{"taxonomy":"post_tag","embeddable":true,"href":"https:\/\/www.aydinaski.gov.tr\/index.php\/wp-json\/wp\/v2\/tags?post=2764"}],"curies":[{"name":"wp","href":"https:\/\/api.w.org\/{rel}","templated":true}]}}