{"id":2758,"date":"2023-04-19T13:51:09","date_gmt":"2023-04-19T10:51:09","guid":{"rendered":"https:\/\/www.aydinaski.gov.tr\/?p=2758"},"modified":"2023-04-19T13:51:09","modified_gmt":"2023-04-19T10:51:09","slug":"aydin-buyuksehir-belediyesi-efeler-istasyon-caddesini-yeniledi","status":"publish","type":"post","link":"https:\/\/www.aydinaski.gov.tr\/index.php\/2023\/04\/19\/aydin-buyuksehir-belediyesi-efeler-istasyon-caddesini-yeniledi\/","title":{"rendered":"AYDIN B\u00dcY\u00dcK\u015eEH\u0130R BELED\u0130YES\u0130 EFELER \u0130STASYON CADDES\u0130\u2019N\u0130 YEN\u0130LED\u0130"},"content":{"rendered":"\n<p>Ayd\u0131n\u2019da s\u00fcr\u00fcc\u00fcler ve yayalar i\u00e7in g\u00fcvenli ve konforlu yollar olu\u015fturan Ayd\u0131n B\u00fcy\u00fck\u015fehir Belediyesi, bir\u00e7ok farkl\u0131 noktada yol yap\u0131m \u00e7al\u0131\u015fmalar\u0131na h\u0131zla devam ediyor. Fen \u0130\u015fleri Dairesi Yol Yap\u0131m ve Bak\u0131m \u015eubesi ekipleri, Efeler \u0130stasyon Caddesi\u2019nde s\u0131cak asfalt seriminin ard\u0131ndan yol \u00e7izgi ve yaya ge\u00e7idi \u00e7al\u0131\u015fmalar\u0131n\u0131 tamamland\u0131.<\/p>\n\n\n\n<p><strong>B\u00fcy\u00fck\u015fehir kent genelindeki yollar\u0131 ba\u015ftan a\u015fa\u011f\u0131 yeniliyor<\/strong><\/p>\n\n\n\n<p>Planl\u0131, h\u0131zl\u0131 ve \u00e7\u00f6z\u00fcm odakl\u0131 olarak \u00e7al\u0131\u015fmalar\u0131n\u0131 s\u00fcrd\u00fcren Fen \u0130\u015fleri Dairesi Yol Yap\u0131m ve Bak\u0131m \u015eubesi ekipleri, birbiri ard\u0131na \u00e7al\u0131\u015fmalar\u0131n\u0131 tamamlamaya devam ediyor.&nbsp; Efeler \u0130stasyon Caddesi\u2019nde s\u0131cak asfalt serimi \u00e7al\u0131\u015fmalar\u0131na ba\u015flayan ekipler, h\u0131zl\u0131 \u00e7al\u0131\u015fmalar\u0131 ile k\u0131sa s\u00fcrede yolu vatanda\u015flar\u0131n hizmetine sundu. Altyap\u0131 ve \u00fcstyap\u0131 \u00e7al\u0131\u015fmalar\u0131n\u0131n tamamlanmas\u0131 ile birlikte yol \u00e7izgileri \u00e7ekilen ve yaya ge\u00e7idi \u00e7al\u0131\u015fmas\u0131 yap\u0131lan \u0130stasyon Caddesi, ara\u00e7 trafi\u011fine a\u00e7\u0131ld\u0131. Yayalar\u0131 da unutmayan ekipler, kald\u0131r\u0131mlar\u0131 geni\u015fleterek yeniledi.<\/p>\n\n\n\n<p><strong>Ayd\u0131n&#8217;da hizmet kalitesi y\u00fcksek: B\u00fcy\u00fck\u015fehir Belediyesi tam not al\u0131yor<\/strong><\/p>\n\n\n\n<p>Kent genelinde e\u015fzamanl\u0131 olarak yo\u011fun bir \u00e7al\u0131\u015fmayla yollar\u0131 yenilemeye devam eden B\u00fcy\u00fck\u015fehir Belediyesi, k\u0131sa s\u00fcre i\u00e7erisinde \u00e7al\u0131\u015fmalar\u0131n\u0131 bitirerek vatanda\u015flar\u0131n hizmetine sunuyor. Vatanda\u015flar, yap\u0131lan hizmetlerden olduk\u00e7a memnun olduklar\u0131n\u0131 belirterek Ayd\u0131n B\u00fcy\u00fck\u015fehir Belediye Ba\u015fkan\u0131 \u00d6zlem \u00c7er\u00e7io\u011flu\u2019na te\u015fekk\u00fcr etti. \u00c7er\u00e7io\u011flu, \u2018\u2018<strong><em>Yol yap\u0131m ve yenileme \u00e7al\u0131\u015fmalar\u0131m\u0131za h\u0131z kesmeden devam ediyoruz. Vatanda\u015flar\u0131m\u0131z\u0131n en iyiyi hak etti\u011fini bilerek yat\u0131r\u0131mlar\u0131m\u0131za devam edece\u011fiz.<\/em><\/strong>\u2019\u2019 dedi.<\/p>\n","protected":false},"excerpt":{"rendered":"<p>AYDIN B\u00dcY\u00dcK\u015eEH\u0130R BELED\u0130YES\u0130 EFELER \u0130STASYON CADDES\u0130\u2019N\u0130 YEN\u0130LED\u0130<\/p>\n","protected":false},"author":1,"featured_media":2759,"comment_status":"closed","ping_status":"","sticky":false,"template":"","format":"standard","meta":{"ngg_post_thumbnail":0,"footnotes":""},"categories":[9],"tags":[],"class_list":["post-2758","post","type-post","status-publish","format-standard","has-post-thumbnail","hentry","category-haberler"],"_links":{"self":[{"href":"https:\/\/www.aydinaski.gov.tr\/index.php\/wp-json\/wp\/v2\/posts\/2758","targetHints":{"allow":["GET"]}}],"collection":[{"href":"https:\/\/www.aydinaski.gov.tr\/index.php\/wp-json\/wp\/v2\/posts"}],"about":[{"href":"https:\/\/www.aydinaski.gov.tr\/index.php\/wp-json\/wp\/v2\/types\/post"}],"author":[{"embeddable":true,"href":"https:\/\/www.aydinaski.gov.tr\/index.php\/wp-json\/wp\/v2\/users\/1"}],"replies":[{"embeddable":true,"href":"https:\/\/www.aydinaski.gov.tr\/index.php\/wp-json\/wp\/v2\/comments?post=2758"}],"version-history":[{"count":1,"href":"https:\/\/www.aydinaski.gov.tr\/index.php\/wp-json\/wp\/v2\/posts\/2758\/revisions"}],"predecessor-version":[{"id":2760,"href":"https:\/\/www.aydinaski.gov.tr\/index.php\/wp-json\/wp\/v2\/posts\/2758\/revisions\/2760"}],"wp:featuredmedia":[{"embeddable":true,"href":"https:\/\/www.aydinaski.gov.tr\/index.php\/wp-json\/wp\/v2\/media\/2759"}],"wp:attachment":[{"href":"https:\/\/www.aydinaski.gov.tr\/index.php\/wp-json\/wp\/v2\/media?parent=2758"}],"wp:term":[{"taxonomy":"category","embeddable":true,"href":"https:\/\/www.aydinaski.gov.tr\/index.php\/wp-json\/wp\/v2\/categories?post=2758"},{"taxonomy":"post_tag","embeddable":true,"href":"https:\/\/www.aydinaski.gov.tr\/index.php\/wp-json\/wp\/v2\/tags?post=2758"}],"curies":[{"name":"wp","href":"https:\/\/api.w.org\/{rel}","templated":true}]}}