{"id":2720,"date":"2023-03-30T11:27:01","date_gmt":"2023-03-30T08:27:01","guid":{"rendered":"https:\/\/www.aydinaski.gov.tr\/?p=2720"},"modified":"2023-03-30T11:27:01","modified_gmt":"2023-03-30T08:27:01","slug":"vatandaslar-guvenilir-urunlerin-adresi-halk-ege-eti-tercih-ediyor","status":"publish","type":"post","link":"https:\/\/www.aydinaski.gov.tr\/index.php\/2023\/03\/30\/vatandaslar-guvenilir-urunlerin-adresi-halk-ege-eti-tercih-ediyor\/","title":{"rendered":"VATANDA\u015eLAR G\u00dcVEN\u0130L\u0130R \u00dcR\u00dcNLER\u0130N ADRES\u0130 HALK EGE ET\u2019\u0130 TERC\u0130H ED\u0130YOR"},"content":{"rendered":"\n<p>Ayd\u0131n B\u00fcy\u00fck\u015fehir Belediyesi\u2019nin i\u015ftiraki Halk Ege Et; ekonomik, hijyenik, kaliteli ve ekonomik \u00fcr\u00fcnleriyle vatanda\u015flar\u0131n \u00f6zellikle et ve et \u00fcr\u00fcnlerinde ilk tercihi oluyor. Ayd\u0131n ve \u0130zmir\u2019deki Halk Ege Et marketleri g\u00fcn\u00fcn her saati dolup ta\u015farken, vatanda\u015flar marketlerde kad\u0131n kooperatiflerinin \u00fcr\u00fcnlerine de ekonomik olarak ula\u015fabiliyor. Vatanda\u015flar \u00f6zellikle son zamanlarda ekonomik olarak \u00e7ok zorland\u0131klar\u0131n\u0131 ifade edip, kaliteli \u00fcr\u00fcnleri kendilerine uygun fiyatl\u0131 ula\u015ft\u0131ran Ayd\u0131n B\u00fcy\u00fck\u015fehir Belediye Ba\u015fkan\u0131 \u00d6zlem \u00c7er\u00e7io\u011flu\u2019na te\u015fekk\u00fcr etti.<\/p>\n\n\n\n<p>Ayd\u0131n ve \u0130zmir\u2019deki 14 marketiyle vatanda\u015flar\u0131n et ve et \u00fcr\u00fcnleri ba\u015fta olmak \u00fczere temel mutfak ihtiya\u00e7lar\u0131n\u0131 kar\u015f\u0131layan Halk Ege Et marketlerinde uzun kuyruklar olu\u015fuyor. Vatanda\u015flar, Halk Ege Et\u2019ten al\u0131\u015fveri\u015fi, \u00fcr\u00fcnler ekonomik oldu\u011fu kadar Ayd\u0131n B\u00fcy\u00fck\u015fehir Belediyesi kalitesiyle de kendilerine sunuldu\u011fu i\u00e7in al\u0131\u015fkanl\u0131k haline getirdiklerini s\u00f6yledi.<\/p>\n\n\n\n<p><strong>\u2018Kaliteli ve iyi hizmet\u2019<\/strong><\/p>\n\n\n\n<p>Halk Ege Et\u2019ten al\u0131\u015fveri\u015f yapan emekli \u0130smail At\u0131c\u0131, <strong>\u201cBuray\u0131 tercih etmemin sebebi etlerinin kaliteli ve uygun fiyatl\u0131 olu\u015fu, iyi hizmeti. Her konuda memnunuz. Biz etlerimizi ve peynirlerimizi Halk Ege Et\u2019ten al\u0131yoruz. Bittik\u00e7e geliyoruz. Bu hizmetten \u00e7ok memnunuz. Vatanda\u015f\u0131n al\u0131m g\u00fcc\u00fc yok, burada fiyatlar \u00e7ok uygun. Etinden \u00e7ok memnunuz, hi\u00e7 bu kadar kaliteli et almam\u0131\u015ft\u0131m\u201d<\/strong> ifadelerini kulland\u0131.<\/p>\n\n\n\n<p>Refika Yetkin ise, <strong>\u201cDaha uygun oldu\u011fu i\u00e7in, temiz ve g\u00fcvenilir oldu\u011fu i\u00e7in Halk Ege Et\u2019i tercih ediyorum. Bu hizmetin artmas\u0131n\u0131 isterim. Vatanda\u015flar da buran\u0131n uygun ve temiz olmas\u0131ndan dolay\u0131 tercih ediyor\u201d<\/strong> dedi.<\/p>\n\n\n\n<p><strong>\u2018\u0130nsanlar kaliteden dolay\u0131 tercih ediyor\u2019<\/strong><\/p>\n\n\n\n<p>Emekli Cengiz G\u00fcner Halk Ege Et\u2019ten al\u0131\u015fveri\u015fini <strong>\u201cNe ald\u0131\u011f\u0131m\u0131zdan eminiz, fiyatlar\u0131 uygun, bizim kesemize g\u00f6re. Et yemekten vazge\u00e7mi\u015ftik, Halk Ege Et a\u00e7\u0131l\u0131nca buradan sat\u0131n al\u0131p g\u00f6n\u00fcl rahatl\u0131\u011f\u0131yla t\u00fcketebiliyoruz. Eskiden tek maa\u015fla ev ge\u00e7indiriyordum, \u015fimdi iki maa\u015fla evi zor ge\u00e7indiriyoruz. Et ve s\u00fct \u00fcr\u00fcnlerini Halk Ege Et\u2019ten al\u0131yoruz. Fazla bir \u015fey aramaya gerek yok, insanlar buray\u0131 kaliteden dolay\u0131 tercih ediyor, ne ald\u0131\u011f\u0131n\u0131zdan eminsiniz. \u00d6zlem Han\u0131m\u2019\u0131 severim. Kendisinin hizmetlerini g\u00f6r\u00fcyorum, bu hizmeti i\u00e7in de te\u015fekk\u00fcr ederim\u201d<\/strong> s\u00f6zleriyle ifade etti.<\/p>\n\n\n\n<p><strong>\u2018O\u011flum buran\u0131n sucu\u011funu be\u011feniyor\u2019<\/strong><\/p>\n\n\n\n<p>Mert Bask\u0131n ise <strong>\u201cBuras\u0131 kaliteli ve uygun fiyatl\u0131 oldu\u011fu i\u00e7in buray\u0131 tercih ediyorum. \u00dcr\u00fcnler kaliteli; haftada birden fazla al\u0131\u015fveri\u015f yap\u0131yoruz. \u00d6zellikle yo\u011furtlar\u0131 \u00e7ok g\u00fczel. O\u011flum buran\u0131n sucu\u011fundan ba\u015fka sucuk yemiyor. Ba\u015fkan\u0131m\u0131z\u0131 \u00e7ok seviyoruz, hizmetlerini \u00e7ok iyi g\u00f6r\u00fcyorum. \u0130zmir\u2019de Halk Ege Et\u2019in \u015fube say\u0131s\u0131n\u0131n artmas\u0131n\u0131 istiyoruz\u201d<\/strong> \u015feklinde konu\u015ftu.<\/p>\n","protected":false},"excerpt":{"rendered":"<p>VATANDA\u015eLAR G\u00dcVEN\u0130L\u0130R \u00dcR\u00dcNLER\u0130N ADRES\u0130 HALK EGE ET\u2019\u0130 TERC\u0130H ED\u0130YOR<\/p>\n","protected":false},"author":1,"featured_media":2721,"comment_status":"closed","ping_status":"","sticky":false,"template":"","format":"standard","meta":{"ngg_post_thumbnail":0,"footnotes":""},"categories":[9],"tags":[],"class_list":["post-2720","post","type-post","status-publish","format-standard","has-post-thumbnail","hentry","category-haberler"],"_links":{"self":[{"href":"https:\/\/www.aydinaski.gov.tr\/index.php\/wp-json\/wp\/v2\/posts\/2720","targetHints":{"allow":["GET"]}}],"collection":[{"href":"https:\/\/www.aydinaski.gov.tr\/index.php\/wp-json\/wp\/v2\/posts"}],"about":[{"href":"https:\/\/www.aydinaski.gov.tr\/index.php\/wp-json\/wp\/v2\/types\/post"}],"author":[{"embeddable":true,"href":"https:\/\/www.aydinaski.gov.tr\/index.php\/wp-json\/wp\/v2\/users\/1"}],"replies":[{"embeddable":true,"href":"https:\/\/www.aydinaski.gov.tr\/index.php\/wp-json\/wp\/v2\/comments?post=2720"}],"version-history":[{"count":1,"href":"https:\/\/www.aydinaski.gov.tr\/index.php\/wp-json\/wp\/v2\/posts\/2720\/revisions"}],"predecessor-version":[{"id":2722,"href":"https:\/\/www.aydinaski.gov.tr\/index.php\/wp-json\/wp\/v2\/posts\/2720\/revisions\/2722"}],"wp:featuredmedia":[{"embeddable":true,"href":"https:\/\/www.aydinaski.gov.tr\/index.php\/wp-json\/wp\/v2\/media\/2721"}],"wp:attachment":[{"href":"https:\/\/www.aydinaski.gov.tr\/index.php\/wp-json\/wp\/v2\/media?parent=2720"}],"wp:term":[{"taxonomy":"category","embeddable":true,"href":"https:\/\/www.aydinaski.gov.tr\/index.php\/wp-json\/wp\/v2\/categories?post=2720"},{"taxonomy":"post_tag","embeddable":true,"href":"https:\/\/www.aydinaski.gov.tr\/index.php\/wp-json\/wp\/v2\/tags?post=2720"}],"curies":[{"name":"wp","href":"https:\/\/api.w.org\/{rel}","templated":true}]}}