{"id":2705,"date":"2023-03-28T16:39:57","date_gmt":"2023-03-28T13:39:57","guid":{"rendered":"https:\/\/www.aydinaski.gov.tr\/?p=2705"},"modified":"2023-03-28T16:40:29","modified_gmt":"2023-03-28T13:40:29","slug":"nazilli-ziraat-odasindan-baskan-cerciogluna-nezaket-ziyareti","status":"publish","type":"post","link":"https:\/\/www.aydinaski.gov.tr\/index.php\/2023\/03\/28\/nazilli-ziraat-odasindan-baskan-cerciogluna-nezaket-ziyareti\/","title":{"rendered":"NAZ\u0130LL\u0130 Z\u0130RAAT ODASI\u2019NDAN BA\u015eKAN \u00c7ER\u00c7\u0130O\u011eLU\u2019NA NEZAKET Z\u0130YARET\u0130"},"content":{"rendered":"\n<p>Nazilli Ziraat Odas\u0131 Ba\u015fkan\u0131 Yahya Anl\u0131ak ve y\u00f6netim kurulu \u00fcyeleri, Ayd\u0131n B\u00fcy\u00fck\u015fehir Belediye Ba\u015fkan\u0131 \u00d6zlem \u00c7er\u00e7io\u011flu\u2019na nezaket ziyaretinde bulundu.<\/p>\n\n\n\n<p>Ziyarette; Anl\u0131ak ve y\u00f6netim kurulu \u00fcyeleri Ayd\u0131n&#8217;daki ba\u015far\u0131l\u0131 \u00e7al\u0131\u015fmalar\u0131ndan dolay\u0131 Ba\u015fkan \u00c7er\u00e7io\u011flu&#8217;nu tebrik etti. Ba\u015fkan \u00c7er\u00e7io\u011flu ise Anl\u0131ak ve y\u00f6netim kurulu \u00fcyelerine nazik ziyaretleri i\u00e7in te\u015fekk\u00fcr etti.<\/p>\n","protected":false},"excerpt":{"rendered":"<p>NAZ\u0130LL\u0130 Z\u0130RAAT ODASI\u2019NDAN BA\u015eKAN \u00c7ER\u00c7\u0130O\u011eLU\u2019NA NEZAKET Z\u0130YARET\u0130<\/p>\n","protected":false},"author":1,"featured_media":2706,"comment_status":"closed","ping_status":"closed","sticky":false,"template":"","format":"standard","meta":{"ngg_post_thumbnail":0,"footnotes":""},"categories":[9],"tags":[],"class_list":["post-2705","post","type-post","status-publish","format-standard","has-post-thumbnail","hentry","category-haberler"],"_links":{"self":[{"href":"https:\/\/www.aydinaski.gov.tr\/index.php\/wp-json\/wp\/v2\/posts\/2705","targetHints":{"allow":["GET"]}}],"collection":[{"href":"https:\/\/www.aydinaski.gov.tr\/index.php\/wp-json\/wp\/v2\/posts"}],"about":[{"href":"https:\/\/www.aydinaski.gov.tr\/index.php\/wp-json\/wp\/v2\/types\/post"}],"author":[{"embeddable":true,"href":"https:\/\/www.aydinaski.gov.tr\/index.php\/wp-json\/wp\/v2\/users\/1"}],"replies":[{"embeddable":true,"href":"https:\/\/www.aydinaski.gov.tr\/index.php\/wp-json\/wp\/v2\/comments?post=2705"}],"version-history":[{"count":2,"href":"https:\/\/www.aydinaski.gov.tr\/index.php\/wp-json\/wp\/v2\/posts\/2705\/revisions"}],"predecessor-version":[{"id":2709,"href":"https:\/\/www.aydinaski.gov.tr\/index.php\/wp-json\/wp\/v2\/posts\/2705\/revisions\/2709"}],"wp:featuredmedia":[{"embeddable":true,"href":"https:\/\/www.aydinaski.gov.tr\/index.php\/wp-json\/wp\/v2\/media\/2706"}],"wp:attachment":[{"href":"https:\/\/www.aydinaski.gov.tr\/index.php\/wp-json\/wp\/v2\/media?parent=2705"}],"wp:term":[{"taxonomy":"category","embeddable":true,"href":"https:\/\/www.aydinaski.gov.tr\/index.php\/wp-json\/wp\/v2\/categories?post=2705"},{"taxonomy":"post_tag","embeddable":true,"href":"https:\/\/www.aydinaski.gov.tr\/index.php\/wp-json\/wp\/v2\/tags?post=2705"}],"curies":[{"name":"wp","href":"https:\/\/api.w.org\/{rel}","templated":true}]}}