{"id":2694,"date":"2023-03-27T16:57:08","date_gmt":"2023-03-27T13:57:08","guid":{"rendered":"https:\/\/www.aydinaski.gov.tr\/?p=2694"},"modified":"2023-03-27T16:57:32","modified_gmt":"2023-03-27T13:57:32","slug":"aydin-buyuksehir-belediyesi-kusadasinda-yol-yapim-calismalarina-devam-ediyor","status":"publish","type":"post","link":"https:\/\/www.aydinaski.gov.tr\/index.php\/2023\/03\/27\/aydin-buyuksehir-belediyesi-kusadasinda-yol-yapim-calismalarina-devam-ediyor\/","title":{"rendered":"AYDIN B\u00dcY\u00dcK\u015eEH\u0130R BELED\u0130YES\u0130 KU\u015eADASI\u2019NDA YOL YAPIM \u00c7ALI\u015eMALARINA DEVAM ED\u0130YOR"},"content":{"rendered":"\n<p>B\u00fcy\u00fck\u015fehir Belediyesi, hizmet odakl\u0131 belediyecilik anlay\u0131\u015f\u0131 ile il genelinde e\u015f zamanl\u0131 olarak s\u00fcrd\u00fcrd\u00fc\u011f\u00fc yol yap\u0131m \u00e7al\u0131\u015fmalar\u0131na devam ediyor. \u00c7al\u0131\u015fmalar kapsam\u0131nda Ku\u015fadas\u0131 il\u00e7esi Kirazl\u0131 Yolu Caddesi\u2019nde s\u0131cak asfalt serimi ger\u00e7ekle\u015ftirildi.<\/p>\n\n\n\n<p>Kentin bir\u00e7ok noktas\u0131nda e\u015f zamanl\u0131 olarak yat\u0131r\u0131mlar\u0131na devam eden B\u00fcy\u00fck\u015fehir Belediyesi, Ku\u015fadas\u0131 il\u00e7esi Kirazl\u0131 Yolu Caddesi\u2019nde s\u0131cak asfalt serimi \u00e7al\u0131\u015fmas\u0131 yapt\u0131. Vatanda\u015flar i\u00e7in yollar\u0131 daha g\u00fcvenli ve konforlu hale getirmeye devam eden Fen \u0130\u015fleri Dairesi Yol Yap\u0131m ve Bak\u0131m \u015eubesi ekipleri, asfalt serimini bitirdi. Yolda yak\u0131n zamanda \u015ferit \u00e7izgilerinin \u00e7izilmesi ile \u00e7al\u0131\u015fmalar tamamlanacak.<\/p>\n\n\n\n<p>B\u00fcy\u00fck\u015fehir Belediyesi\u2019nin hizmet odakl\u0131 belediyecilik anlay\u0131\u015f\u0131 ile yapt\u0131\u011f\u0131 \u00e7al\u0131\u015fmalarla konforlu yollara sahip olduklar\u0131n\u0131 belirten vatanda\u015flar, Ba\u015fkan \u00c7er\u00e7io\u011flu\u2019na te\u015fekk\u00fcr etti. \u00c7er\u00e7io\u011flu, \u2018\u2018<strong><em>Vatanda\u015flar\u0131m\u0131z\u0131n en iyiyi hak etti\u011fini bilerek, sorumluluk alan\u0131m\u0131zdaki t\u00fcm yollarda \u00e7al\u0131\u015fmalar\u0131m\u0131za devam ediyoruz.<\/em><\/strong>\u2019\u2019 dedi.<\/p>\n","protected":false},"excerpt":{"rendered":"<p>AYDIN B\u00dcY\u00dcK\u015eEH\u0130R BELED\u0130YES\u0130 KU\u015eADASI\u2019NDA YOL YAPIM \u00c7ALI\u015eMALARINA DEVAM ED\u0130YOR<\/p>\n","protected":false},"author":1,"featured_media":2695,"comment_status":"closed","ping_status":"closed","sticky":false,"template":"","format":"standard","meta":{"ngg_post_thumbnail":0,"footnotes":""},"categories":[9],"tags":[],"class_list":["post-2694","post","type-post","status-publish","format-standard","has-post-thumbnail","hentry","category-haberler"],"_links":{"self":[{"href":"https:\/\/www.aydinaski.gov.tr\/index.php\/wp-json\/wp\/v2\/posts\/2694","targetHints":{"allow":["GET"]}}],"collection":[{"href":"https:\/\/www.aydinaski.gov.tr\/index.php\/wp-json\/wp\/v2\/posts"}],"about":[{"href":"https:\/\/www.aydinaski.gov.tr\/index.php\/wp-json\/wp\/v2\/types\/post"}],"author":[{"embeddable":true,"href":"https:\/\/www.aydinaski.gov.tr\/index.php\/wp-json\/wp\/v2\/users\/1"}],"replies":[{"embeddable":true,"href":"https:\/\/www.aydinaski.gov.tr\/index.php\/wp-json\/wp\/v2\/comments?post=2694"}],"version-history":[{"count":2,"href":"https:\/\/www.aydinaski.gov.tr\/index.php\/wp-json\/wp\/v2\/posts\/2694\/revisions"}],"predecessor-version":[{"id":2698,"href":"https:\/\/www.aydinaski.gov.tr\/index.php\/wp-json\/wp\/v2\/posts\/2694\/revisions\/2698"}],"wp:featuredmedia":[{"embeddable":true,"href":"https:\/\/www.aydinaski.gov.tr\/index.php\/wp-json\/wp\/v2\/media\/2695"}],"wp:attachment":[{"href":"https:\/\/www.aydinaski.gov.tr\/index.php\/wp-json\/wp\/v2\/media?parent=2694"}],"wp:term":[{"taxonomy":"category","embeddable":true,"href":"https:\/\/www.aydinaski.gov.tr\/index.php\/wp-json\/wp\/v2\/categories?post=2694"},{"taxonomy":"post_tag","embeddable":true,"href":"https:\/\/www.aydinaski.gov.tr\/index.php\/wp-json\/wp\/v2\/tags?post=2694"}],"curies":[{"name":"wp","href":"https:\/\/api.w.org\/{rel}","templated":true}]}}