{"id":2682,"date":"2023-03-24T16:27:58","date_gmt":"2023-03-24T13:27:58","guid":{"rendered":"https:\/\/www.aydinaski.gov.tr\/?p=2682"},"modified":"2023-03-24T16:27:58","modified_gmt":"2023-03-24T13:27:58","slug":"aydinin-altyapisini-yeniliyor-ve-guclendiriyoruz","status":"publish","type":"post","link":"https:\/\/www.aydinaski.gov.tr\/index.php\/2023\/03\/24\/aydinin-altyapisini-yeniliyor-ve-guclendiriyoruz\/","title":{"rendered":"Ayd\u0131n\u2019\u0131n altyap\u0131s\u0131n\u0131 yeniliyor ve g\u00fc\u00e7lendiriyoruz."},"content":{"rendered":"\n<p>Ayd\u0131n\u2019\u0131n altyap\u0131s\u0131n\u0131 yeniliyor ve g\u00fc\u00e7lendiriyoruz.<\/p>\n\n\n\n<p>ASK\u0130 ekiplerimiz, Efeler il\u00e7esi Evliya \u00c7elebi Caddesi&#8217;nde i\u00e7me suyu \u015febeke hatt\u0131 yenileme \u00e7al\u0131\u015fmas\u0131 ger\u00e7ekle\u015ftiriyor.<\/p>\n","protected":false},"excerpt":{"rendered":"<p>Ayd\u0131n\u2019\u0131n altyap\u0131s\u0131n\u0131 yeniliyor ve g\u00fc\u00e7lendiriyoruz.<\/p>\n<p>ASK\u0130 ekiplerimiz, Efeler il\u00e7esi Evliya \u00c7elebi Caddesi&#8217;nde i\u00e7me suyu \u015febeke hatt\u0131 yenileme \u00e7al\u0131\u015fmas\u0131 ger\u00e7ekle\u015ftiriyor.<\/p>\n","protected":false},"author":1,"featured_media":2683,"comment_status":"closed","ping_status":"","sticky":false,"template":"","format":"standard","meta":{"ngg_post_thumbnail":0,"footnotes":""},"categories":[9],"tags":[],"class_list":["post-2682","post","type-post","status-publish","format-standard","has-post-thumbnail","hentry","category-haberler"],"_links":{"self":[{"href":"https:\/\/www.aydinaski.gov.tr\/index.php\/wp-json\/wp\/v2\/posts\/2682","targetHints":{"allow":["GET"]}}],"collection":[{"href":"https:\/\/www.aydinaski.gov.tr\/index.php\/wp-json\/wp\/v2\/posts"}],"about":[{"href":"https:\/\/www.aydinaski.gov.tr\/index.php\/wp-json\/wp\/v2\/types\/post"}],"author":[{"embeddable":true,"href":"https:\/\/www.aydinaski.gov.tr\/index.php\/wp-json\/wp\/v2\/users\/1"}],"replies":[{"embeddable":true,"href":"https:\/\/www.aydinaski.gov.tr\/index.php\/wp-json\/wp\/v2\/comments?post=2682"}],"version-history":[{"count":1,"href":"https:\/\/www.aydinaski.gov.tr\/index.php\/wp-json\/wp\/v2\/posts\/2682\/revisions"}],"predecessor-version":[{"id":2684,"href":"https:\/\/www.aydinaski.gov.tr\/index.php\/wp-json\/wp\/v2\/posts\/2682\/revisions\/2684"}],"wp:featuredmedia":[{"embeddable":true,"href":"https:\/\/www.aydinaski.gov.tr\/index.php\/wp-json\/wp\/v2\/media\/2683"}],"wp:attachment":[{"href":"https:\/\/www.aydinaski.gov.tr\/index.php\/wp-json\/wp\/v2\/media?parent=2682"}],"wp:term":[{"taxonomy":"category","embeddable":true,"href":"https:\/\/www.aydinaski.gov.tr\/index.php\/wp-json\/wp\/v2\/categories?post=2682"},{"taxonomy":"post_tag","embeddable":true,"href":"https:\/\/www.aydinaski.gov.tr\/index.php\/wp-json\/wp\/v2\/tags?post=2682"}],"curies":[{"name":"wp","href":"https:\/\/api.w.org\/{rel}","templated":true}]}}