{"id":2661,"date":"2023-03-21T09:02:29","date_gmt":"2023-03-21T06:02:29","guid":{"rendered":"https:\/\/www.aydinaski.gov.tr\/?p=2661"},"modified":"2023-03-21T09:02:43","modified_gmt":"2023-03-21T06:02:43","slug":"aydin-buyuksehir-belediyesi-ibadethane-temizlik-ekiplerinin-sayisini-artirdi","status":"publish","type":"post","link":"https:\/\/www.aydinaski.gov.tr\/index.php\/2023\/03\/21\/aydin-buyuksehir-belediyesi-ibadethane-temizlik-ekiplerinin-sayisini-artirdi\/","title":{"rendered":"AYDIN B\u00dcY\u00dcK\u015eEH\u0130R BELED\u0130YES\u0130 \u0130BADETHANE TEM\u0130ZL\u0130K EK\u0130PLER\u0130N\u0130N SAYISINI ARTIRDI"},"content":{"rendered":"\n<p>B\u00fcy\u00fck\u015fehir Belediyesi m\u00fcbarek ramazan ay\u0131ndan \u00f6nce ibadethanelerin temizli\u011finde ekiplerin say\u0131s\u0131n\u0131 il genelinde art\u0131rd\u0131. Ekipler, vatanda\u015flar\u0131n daha hijyenik ortamda ibadetlerini yerine getirebilmeleri i\u00e7in d\u00fczenli olarak ger\u00e7ekle\u015ftirdikleri ibadethane temizliklerini art\u0131rd\u0131. <\/p>\n\n\n\n<p>Vatanda\u015flar\u0131n huzur i\u00e7erisinde ibadetlerini yapmalar\u0131n\u0131 \u00f6nemsediklerini ifade eden Ba\u015fkan \u00c7er\u00e7io\u011flu, ramazan ay\u0131n\u0131n bereket, bolluk ve mutluluk getirmesi temennisinde bulundu. Vatanda\u015flar ise ibadethanelerin temizli\u011finin d\u00fczenli olarak yap\u0131lmas\u0131ndan dolay\u0131 Ba\u015fkan \u00c7er\u00e7io\u011flu\u2019na te\u015fekk\u00fcr etti<\/p>\n","protected":false},"excerpt":{"rendered":"<p>AYDIN B\u00dcY\u00dcK\u015eEH\u0130R BELED\u0130YES\u0130 \u0130BADETHANE TEM\u0130ZL\u0130K EK\u0130PLER\u0130N\u0130N SAYISINI ARTIRDI<\/p>\n","protected":false},"author":1,"featured_media":2662,"comment_status":"closed","ping_status":"closed","sticky":false,"template":"","format":"standard","meta":{"ngg_post_thumbnail":0,"footnotes":""},"categories":[9],"tags":[],"class_list":["post-2661","post","type-post","status-publish","format-standard","has-post-thumbnail","hentry","category-haberler"],"_links":{"self":[{"href":"https:\/\/www.aydinaski.gov.tr\/index.php\/wp-json\/wp\/v2\/posts\/2661","targetHints":{"allow":["GET"]}}],"collection":[{"href":"https:\/\/www.aydinaski.gov.tr\/index.php\/wp-json\/wp\/v2\/posts"}],"about":[{"href":"https:\/\/www.aydinaski.gov.tr\/index.php\/wp-json\/wp\/v2\/types\/post"}],"author":[{"embeddable":true,"href":"https:\/\/www.aydinaski.gov.tr\/index.php\/wp-json\/wp\/v2\/users\/1"}],"replies":[{"embeddable":true,"href":"https:\/\/www.aydinaski.gov.tr\/index.php\/wp-json\/wp\/v2\/comments?post=2661"}],"version-history":[{"count":2,"href":"https:\/\/www.aydinaski.gov.tr\/index.php\/wp-json\/wp\/v2\/posts\/2661\/revisions"}],"predecessor-version":[{"id":2664,"href":"https:\/\/www.aydinaski.gov.tr\/index.php\/wp-json\/wp\/v2\/posts\/2661\/revisions\/2664"}],"wp:featuredmedia":[{"embeddable":true,"href":"https:\/\/www.aydinaski.gov.tr\/index.php\/wp-json\/wp\/v2\/media\/2662"}],"wp:attachment":[{"href":"https:\/\/www.aydinaski.gov.tr\/index.php\/wp-json\/wp\/v2\/media?parent=2661"}],"wp:term":[{"taxonomy":"category","embeddable":true,"href":"https:\/\/www.aydinaski.gov.tr\/index.php\/wp-json\/wp\/v2\/categories?post=2661"},{"taxonomy":"post_tag","embeddable":true,"href":"https:\/\/www.aydinaski.gov.tr\/index.php\/wp-json\/wp\/v2\/tags?post=2661"}],"curies":[{"name":"wp","href":"https:\/\/api.w.org\/{rel}","templated":true}]}}