{"id":2596,"date":"2023-03-01T09:47:11","date_gmt":"2023-03-01T06:47:11","guid":{"rendered":"https:\/\/www.aydinaski.gov.tr\/?p=2596"},"modified":"2023-03-01T09:48:01","modified_gmt":"2023-03-01T06:48:01","slug":"aydin-buyuksehir-belediyesinden-deprem-guvenligiyle-ilgili-ucretsiz-performans-testi","status":"publish","type":"post","link":"https:\/\/www.aydinaski.gov.tr\/index.php\/2023\/03\/01\/aydin-buyuksehir-belediyesinden-deprem-guvenligiyle-ilgili-ucretsiz-performans-testi\/","title":{"rendered":"AYDIN B\u00dcY\u00dcK\u015eEH\u0130R BELED\u0130YES\u0130\u2019NDEN DEPREM G\u00dcVENL\u0130\u011e\u0130YLE \u0130LG\u0130L\u0130\u00a0\u00dcCRETS\u0130Z PERFORMANS TEST\u0130"},"content":{"rendered":"\n<p>Ayd\u0131n B\u00fcy\u00fck\u015fehir Belediyesi, deprem riskine kar\u015f\u0131 \u00f6nlem almaya devam ediyor. B\u00fcy\u00fck\u015fehir Belediyesi Meclisi&#8217;nde onaylanan karara g\u00f6re; il genelinde \u00f6ncelikle 2001 \u00f6ncesi yap\u0131lan 5 kat ve \u00fczerindeki yap\u0131lar i\u00e7in karot, beton dayan\u0131m\u0131, demir donat\u0131 tespiti ve rezonans testleri \u00fccretsiz yap\u0131lacak.<\/p>\n\n\n\n<p>Afete haz\u0131r olmak ad\u0131na \u00e7al\u0131\u015fmalara devam eden Ayd\u0131n B\u00fcy\u00fck\u015fehir Belediyesi, Deprem Ara\u015ft\u0131rma Birimini de geni\u015fletiyor. Vatanda\u015flar,&nbsp; oturduklar\u0131 yap\u0131lar\u0131n depreme dayan\u0131kl\u0131l\u0131\u011f\u0131n\u0131n bilimsel y\u00f6ntemlerle ortaya \u00e7\u0131kar\u0131lmas\u0131 i\u00e7in gerekli belgelerle Fen \u0130\u015fleri Dairesi Ba\u015fkanl\u0131\u011f\u0131\u2019na ba\u015fvurabilecek. Ba\u015fvurular, cuma g\u00fcn\u00fcnden itibaren al\u0131nmaya ba\u015flanacak.<\/p>\n\n\n\n<p>Vatanda\u015flardan ba\u015fvuru i\u00e7in istenen belgeler ise \u015fu \u015fekilde;<\/p>\n\n\n\n<p><strong>1-<\/strong> Ba\u015fvuru Dilek\u00e7esi<\/p>\n\n\n\n<p>-Her kat malikinden muvafakatname yaz\u0131s\u0131<\/p>\n\n\n\n<p>-Kirac\u0131 olarak ba\u015fvuru yap\u0131lacak ise, m\u00fclk sahibinin onay\u0131 ve kira kontrat\u0131<\/p>\n\n\n\n<p>-Parselde birden fazla bina olmas\u0131 durumunda, her bina i\u00e7in maliklerince ayr\u0131 ayr\u0131 ba\u015fvuru yap\u0131lmas\u0131 gerekmektedir.<\/p>\n\n\n\n<p><strong>2-<\/strong> Tapu Fotokopisi<\/p>\n\n\n\n<p><strong>3-<\/strong> Kimlik Fotokopisi<\/p>\n\n\n\n<p><strong>4-<\/strong> Statik Proje<\/p>\n\n\n\n<p><strong>5-<\/strong> Mimari Proje (Varsa)<\/p>\n\n\n\n<p><strong>6-<\/strong> Zemin Et\u00fct Raporu (Varsa)<\/p>\n\n\n\n<p>Ayd\u0131n B\u00fcy\u00fck\u015fehir Belediye Ba\u015fkan\u0131 \u00d6zlem \u00c7er\u00e7io\u011flu,&nbsp; \u2018\u2018Deprem riskine kar\u015f\u0131 haz\u0131rl\u0131klar\u0131m\u0131za devam ediyoruz. Hedefimiz il genelindeki t\u00fcm yap\u0131lar\u0131n r\u00f6ntgenini \u00e7ekmek.\u2019\u2019 dedi.<\/p>\n","protected":false},"excerpt":{"rendered":"<p>Ayd\u0131n B\u00fcy\u00fck\u015fehir Belediyesi, deprem riskine kar\u015f\u0131 \u00f6nlem almaya devam ediyor. B\u00fcy\u00fck\u015fehir Belediyesi Meclisi&#8217;nde onaylanan karara g\u00f6re; il genelinde \u00f6ncelikle 2001 \u00f6ncesi yap\u0131lan 5 kat ve \u00fczerindeki yap\u0131lar i\u00e7in karot, beton dayan\u0131m\u0131, demir donat\u0131 tespiti ve rezonans testleri \u00fccretsiz yap\u0131lacak.<\/p>\n","protected":false},"author":1,"featured_media":2597,"comment_status":"closed","ping_status":"closed","sticky":false,"template":"","format":"standard","meta":{"ngg_post_thumbnail":0,"footnotes":""},"categories":[9],"tags":[],"class_list":["post-2596","post","type-post","status-publish","format-standard","has-post-thumbnail","hentry","category-haberler"],"_links":{"self":[{"href":"https:\/\/www.aydinaski.gov.tr\/index.php\/wp-json\/wp\/v2\/posts\/2596","targetHints":{"allow":["GET"]}}],"collection":[{"href":"https:\/\/www.aydinaski.gov.tr\/index.php\/wp-json\/wp\/v2\/posts"}],"about":[{"href":"https:\/\/www.aydinaski.gov.tr\/index.php\/wp-json\/wp\/v2\/types\/post"}],"author":[{"embeddable":true,"href":"https:\/\/www.aydinaski.gov.tr\/index.php\/wp-json\/wp\/v2\/users\/1"}],"replies":[{"embeddable":true,"href":"https:\/\/www.aydinaski.gov.tr\/index.php\/wp-json\/wp\/v2\/comments?post=2596"}],"version-history":[{"count":2,"href":"https:\/\/www.aydinaski.gov.tr\/index.php\/wp-json\/wp\/v2\/posts\/2596\/revisions"}],"predecessor-version":[{"id":2599,"href":"https:\/\/www.aydinaski.gov.tr\/index.php\/wp-json\/wp\/v2\/posts\/2596\/revisions\/2599"}],"wp:featuredmedia":[{"embeddable":true,"href":"https:\/\/www.aydinaski.gov.tr\/index.php\/wp-json\/wp\/v2\/media\/2597"}],"wp:attachment":[{"href":"https:\/\/www.aydinaski.gov.tr\/index.php\/wp-json\/wp\/v2\/media?parent=2596"}],"wp:term":[{"taxonomy":"category","embeddable":true,"href":"https:\/\/www.aydinaski.gov.tr\/index.php\/wp-json\/wp\/v2\/categories?post=2596"},{"taxonomy":"post_tag","embeddable":true,"href":"https:\/\/www.aydinaski.gov.tr\/index.php\/wp-json\/wp\/v2\/tags?post=2596"}],"curies":[{"name":"wp","href":"https:\/\/api.w.org\/{rel}","templated":true}]}}