{"id":2460,"date":"2023-01-11T15:21:27","date_gmt":"2023-01-11T12:21:27","guid":{"rendered":"https:\/\/www.aydinaski.gov.tr\/?p=2460"},"modified":"2023-01-11T15:35:31","modified_gmt":"2023-01-11T12:35:31","slug":"efeler-ilcesi-yedi-eylul-mahallesi-1045-sokakta-kanalizasyon-hatti-yenileme-calismasi","status":"publish","type":"post","link":"https:\/\/www.aydinaski.gov.tr\/index.php\/2023\/01\/11\/efeler-ilcesi-yedi-eylul-mahallesi-1045-sokakta-kanalizasyon-hatti-yenileme-calismasi\/","title":{"rendered":"Efeler il\u00e7esi Yedi Eyl\u00fcl mahallesi 1045 sokakta kanalizasyon hatt\u0131 yenileme \u00e7al\u0131\u015fmas\u0131"},"content":{"rendered":"\n<div id=\"fb-root\"><\/div>\n<script async=\"\" defer=\"\" crossorigin=\"anonymous\" src=\"https:\/\/connect.facebook.net\/tr_TR\/sdk.js#xfbml=1&amp;version=v15.0\" nonce=\"mX2l6D0q\"><\/script>\n\n<div class=\"fb-post\" data-href=\"https:\/\/www.facebook.com\/aydinbsb\/posts\/pfbid0H91grjdRejRDzr3uAaJZ9KcQ4b7LfUQvCm9gDRCxA3N42xtAk3yjGwwB1fGijEiTl\" data-width=\"500\" data-show-text=\"true\"><blockquote cite=\"https:\/\/www.facebook.com\/aydinbsb\/posts\/5412132325558360\" class=\"fb-xfbml-parse-ignore\"><p>Ayd\u0131n genelinde bir\u00e7ok noktada e\u015f zamanl\u0131 olarak \u00e7al\u0131\u015fmalar\u0131na devam eden ASK\u0130 ekiplerimiz, Efeler il\u00e7esi Yedi Eyl\u00fcl mahallesi 1045 sokakta kanalizasyon hatt\u0131 yenileme \u00e7al\u0131\u015fmas\u0131 ger\u00e7ekle\u015ftiriyor.\ud83d\udc77\ud83c\udffb\u200d\u2642\ufe0f<\/p><a href=\"https:\/\/www.facebook.com\/aydinbsb\/\">T.C. Ayd\u0131n B\u00fcy\u00fck\u015fehir Belediyesi<\/a> payla\u015ft\u0131:&nbsp;<a href=\"https:\/\/www.facebook.com\/aydinbsb\/posts\/5412132325558360\">11 Ocak 2023 \u00c7ar\u015famba<\/a><\/blockquote><\/div>\n\n\n\n<p><\/p>\n","protected":false},"excerpt":{"rendered":"<p>Ayd\u0131n genelinde bir\u00e7ok noktada e\u015f zamanl\u0131 olarak \u00e7al\u0131\u015fmalar\u0131na devam eden ASK\u0130 ekiplerimiz, Efeler il\u00e7esi Yedi Eyl\u00fcl mahallesi 1045 sokakta kanalizasyon hatt\u0131 yenileme \u00e7al\u0131\u015fmas\u0131 ger\u00e7ekle\u015ftiriyor.<\/p>\n","protected":false},"author":1,"featured_media":2461,"comment_status":"closed","ping_status":"","sticky":false,"template":"","format":"standard","meta":{"ngg_post_thumbnail":0,"footnotes":""},"categories":[9],"tags":[],"class_list":["post-2460","post","type-post","status-publish","format-standard","has-post-thumbnail","hentry","category-haberler"],"_links":{"self":[{"href":"https:\/\/www.aydinaski.gov.tr\/index.php\/wp-json\/wp\/v2\/posts\/2460","targetHints":{"allow":["GET"]}}],"collection":[{"href":"https:\/\/www.aydinaski.gov.tr\/index.php\/wp-json\/wp\/v2\/posts"}],"about":[{"href":"https:\/\/www.aydinaski.gov.tr\/index.php\/wp-json\/wp\/v2\/types\/post"}],"author":[{"embeddable":true,"href":"https:\/\/www.aydinaski.gov.tr\/index.php\/wp-json\/wp\/v2\/users\/1"}],"replies":[{"embeddable":true,"href":"https:\/\/www.aydinaski.gov.tr\/index.php\/wp-json\/wp\/v2\/comments?post=2460"}],"version-history":[{"count":7,"href":"https:\/\/www.aydinaski.gov.tr\/index.php\/wp-json\/wp\/v2\/posts\/2460\/revisions"}],"predecessor-version":[{"id":2469,"href":"https:\/\/www.aydinaski.gov.tr\/index.php\/wp-json\/wp\/v2\/posts\/2460\/revisions\/2469"}],"wp:featuredmedia":[{"embeddable":true,"href":"https:\/\/www.aydinaski.gov.tr\/index.php\/wp-json\/wp\/v2\/media\/2461"}],"wp:attachment":[{"href":"https:\/\/www.aydinaski.gov.tr\/index.php\/wp-json\/wp\/v2\/media?parent=2460"}],"wp:term":[{"taxonomy":"category","embeddable":true,"href":"https:\/\/www.aydinaski.gov.tr\/index.php\/wp-json\/wp\/v2\/categories?post=2460"},{"taxonomy":"post_tag","embeddable":true,"href":"https:\/\/www.aydinaski.gov.tr\/index.php\/wp-json\/wp\/v2\/tags?post=2460"}],"curies":[{"name":"wp","href":"https:\/\/api.w.org\/{rel}","templated":true}]}}