{"id":2425,"date":"2023-01-09T14:00:51","date_gmt":"2023-01-09T11:00:51","guid":{"rendered":"https:\/\/www.aydinaski.gov.tr\/?p=2425"},"modified":"2023-01-09T14:04:44","modified_gmt":"2023-01-09T11:04:44","slug":"aski-buharkentteki-calismalarini-tum-hiziyla-surduruyor","status":"publish","type":"post","link":"https:\/\/www.aydinaski.gov.tr\/index.php\/2023\/01\/09\/aski-buharkentteki-calismalarini-tum-hiziyla-surduruyor\/","title":{"rendered":"ASK\u0130, BUHARKENT\u2019TEK\u0130 \u00c7ALI\u015eMALARINI T\u00dcM HIZIYLA S\u00dcRD\u00dcR\u00dcYOR"},"content":{"rendered":"\n<p>Ayd\u0131n\u2019\u0131n her k\u00f6\u015fesinde altyap\u0131y\u0131 daha da g\u00fc\u00e7lendirmek i\u00e7in \u00e7al\u0131\u015fmalar y\u00fcr\u00fcten Ayd\u0131n B\u00fcy\u00fck\u015fehir Belediyesi Ayd\u0131n Su ve Kanalizasyon \u0130daresi Genel M\u00fcd\u00fcrl\u00fc\u011f\u00fc (ASK\u0130), Buharkent il\u00e7esinde de \u00e7al\u0131\u015fmalar\u0131n\u0131 t\u00fcm h\u0131z\u0131yla s\u00fcrd\u00fcr\u00fcyor. Buharkent\u2019e 220 milyon liral\u0131k daha yat\u0131r\u0131m yapt\u0131klar\u0131n\u0131 hat\u0131rlatan Ayd\u0131n B\u00fcy\u00fck\u015fehir Belediye Ba\u015fkan\u0131 \u00d6zlem \u00c7er\u00e7io\u011flu, il\u00e7eyi \u00e7ok daha modern bir hale getireceklerini s\u00f6yledi.<\/p>\n\n\n\n<p>ASK\u0130, Buharkent\u2019in altyap\u0131s\u0131n\u0131 yenilemeyi s\u00fcrd\u00fcr\u00fcyor. Toplam 220 milyon liral\u0131k yat\u0131r\u0131m daha yap\u0131lan il\u00e7enin i\u00e7me suyu, kanalizasyon ve ya\u011fmur suyu altyap\u0131s\u0131 tamamen yenileniyor. G\u00fcnl\u00fck 2 bin 600 metrek\u00fcp kapasiteli ileri biyolojik at\u0131k su ar\u0131tma tesisi de kazand\u0131r\u0131lacak olan il\u00e7ede toplam 43 bin 500 metrelik i\u00e7me suyu hatt\u0131, 17 bin 800 metrelik kanalizasyon hatt\u0131 ve 11 bin 700 metrelik ya\u011fmur suyu hatt\u0131 yap\u0131lacak. Ayr\u0131ca il\u00e7ede \u00fc\u00e7 adet yeni ve modern i\u00e7me suyu deposu da in\u015fa edilecek.<\/p>\n\n\n\n<p>\u00c7al\u0131\u015fmalar\u0131n il\u00e7eye hay\u0131rl\u0131 olmas\u0131n\u0131 dileyen Ba\u015fkan \u00c7er\u00e7io\u011flu, altyap\u0131 \u00e7al\u0131\u015fmalar\u0131n\u0131n ard\u0131ndan modern bir g\u00f6r\u00fcn\u00fcm i\u00e7in \u00fcstyap\u0131 \u00e7al\u0131\u015fmas\u0131 ger\u00e7ekle\u015ftireceklerini de hat\u0131rlatt\u0131.<\/p>\n\n\n\n<figure class=\"wp-block-gallery has-nested-images columns-default is-cropped wp-block-gallery-1 is-layout-flex wp-block-gallery-is-layout-flex\">\n<figure class=\"wp-block-image size-large\"><a href=\"https:\/\/www.aydinaski.gov.tr\/wp-content\/uploads\/2023\/01\/Buharkent-1.jpg\" target=\"_blank\" rel=\"noopener\"><img loading=\"lazy\" decoding=\"async\" width=\"1024\" height=\"576\" data-id=\"2427\" src=\"https:\/\/www.aydinaski.gov.tr\/wp-content\/uploads\/2023\/01\/Buharkent-1-1024x576.jpg\" alt=\"\" class=\"wp-image-2427\" srcset=\"https:\/\/www.aydinaski.gov.tr\/wp-content\/uploads\/2023\/01\/Buharkent-1-1024x576.jpg 1024w, https:\/\/www.aydinaski.gov.tr\/wp-content\/uploads\/2023\/01\/Buharkent-1-300x169.jpg 300w, https:\/\/www.aydinaski.gov.tr\/wp-content\/uploads\/2023\/01\/Buharkent-1-768x432.jpg 768w, https:\/\/www.aydinaski.gov.tr\/wp-content\/uploads\/2023\/01\/Buharkent-1-1536x864.jpg 1536w, https:\/\/www.aydinaski.gov.tr\/wp-content\/uploads\/2023\/01\/Buharkent-1.jpg 1920w\" sizes=\"auto, (max-width: 1024px) 100vw, 1024px\" \/><\/a><figcaption class=\"wp-element-caption\">default<\/figcaption><\/figure>\n\n\n\n<figure class=\"wp-block-image size-large\"><a href=\"https:\/\/www.aydinaski.gov.tr\/wp-content\/uploads\/2023\/01\/Buharkent-3.jpg\" target=\"_blank\" rel=\"noopener\"><img loading=\"lazy\" decoding=\"async\" width=\"1024\" height=\"576\" data-id=\"2429\" src=\"https:\/\/www.aydinaski.gov.tr\/wp-content\/uploads\/2023\/01\/Buharkent-3-1024x576.jpg\" alt=\"\" class=\"wp-image-2429\" srcset=\"https:\/\/www.aydinaski.gov.tr\/wp-content\/uploads\/2023\/01\/Buharkent-3-1024x576.jpg 1024w, https:\/\/www.aydinaski.gov.tr\/wp-content\/uploads\/2023\/01\/Buharkent-3-300x169.jpg 300w, https:\/\/www.aydinaski.gov.tr\/wp-content\/uploads\/2023\/01\/Buharkent-3-768x432.jpg 768w, https:\/\/www.aydinaski.gov.tr\/wp-content\/uploads\/2023\/01\/Buharkent-3-1536x864.jpg 1536w, https:\/\/www.aydinaski.gov.tr\/wp-content\/uploads\/2023\/01\/Buharkent-3.jpg 1920w\" sizes=\"auto, (max-width: 1024px) 100vw, 1024px\" \/><\/a><figcaption class=\"wp-element-caption\">default<\/figcaption><\/figure>\n\n\n\n<figure class=\"wp-block-image size-large\"><a href=\"https:\/\/www.aydinaski.gov.tr\/wp-content\/uploads\/2023\/01\/Buharkent-5-1.jpg\" target=\"_blank\" rel=\"noopener\"><img loading=\"lazy\" decoding=\"async\" width=\"1024\" height=\"576\" data-id=\"2432\" src=\"https:\/\/www.aydinaski.gov.tr\/wp-content\/uploads\/2023\/01\/Buharkent-5-1-1024x576.jpg\" alt=\"\" class=\"wp-image-2432\" srcset=\"https:\/\/www.aydinaski.gov.tr\/wp-content\/uploads\/2023\/01\/Buharkent-5-1-1024x576.jpg 1024w, https:\/\/www.aydinaski.gov.tr\/wp-content\/uploads\/2023\/01\/Buharkent-5-1-300x169.jpg 300w, https:\/\/www.aydinaski.gov.tr\/wp-content\/uploads\/2023\/01\/Buharkent-5-1-768x432.jpg 768w, https:\/\/www.aydinaski.gov.tr\/wp-content\/uploads\/2023\/01\/Buharkent-5-1-1536x864.jpg 1536w, https:\/\/www.aydinaski.gov.tr\/wp-content\/uploads\/2023\/01\/Buharkent-5-1.jpg 1920w\" sizes=\"auto, (max-width: 1024px) 100vw, 1024px\" \/><\/a><figcaption class=\"wp-element-caption\">default<\/figcaption><\/figure>\n\n\n\n<figure class=\"wp-block-image size-large\"><a href=\"https:\/\/www.aydinaski.gov.tr\/wp-content\/uploads\/2023\/01\/Buharkent-6.jpg\" target=\"_blank\" rel=\"noopener\"><img loading=\"lazy\" decoding=\"async\" width=\"1024\" height=\"576\" data-id=\"2430\" src=\"https:\/\/www.aydinaski.gov.tr\/wp-content\/uploads\/2023\/01\/Buharkent-6-1024x576.jpg\" alt=\"\" class=\"wp-image-2430\" srcset=\"https:\/\/www.aydinaski.gov.tr\/wp-content\/uploads\/2023\/01\/Buharkent-6-1024x576.jpg 1024w, https:\/\/www.aydinaski.gov.tr\/wp-content\/uploads\/2023\/01\/Buharkent-6-300x169.jpg 300w, https:\/\/www.aydinaski.gov.tr\/wp-content\/uploads\/2023\/01\/Buharkent-6-768x432.jpg 768w, https:\/\/www.aydinaski.gov.tr\/wp-content\/uploads\/2023\/01\/Buharkent-6-1536x864.jpg 1536w, https:\/\/www.aydinaski.gov.tr\/wp-content\/uploads\/2023\/01\/Buharkent-6.jpg 1920w\" sizes=\"auto, (max-width: 1024px) 100vw, 1024px\" \/><\/a><figcaption class=\"wp-element-caption\">default<\/figcaption><\/figure>\n\n\n\n<figure class=\"wp-block-image size-large\"><a href=\"https:\/\/www.aydinaski.gov.tr\/wp-content\/uploads\/2023\/01\/Buharkent-7.jpg\" target=\"_blank\" rel=\"noopener\"><img loading=\"lazy\" decoding=\"async\" width=\"1024\" height=\"576\" data-id=\"2431\" src=\"https:\/\/www.aydinaski.gov.tr\/wp-content\/uploads\/2023\/01\/Buharkent-7-1024x576.jpg\" alt=\"\" class=\"wp-image-2431\" srcset=\"https:\/\/www.aydinaski.gov.tr\/wp-content\/uploads\/2023\/01\/Buharkent-7-1024x576.jpg 1024w, https:\/\/www.aydinaski.gov.tr\/wp-content\/uploads\/2023\/01\/Buharkent-7-300x169.jpg 300w, https:\/\/www.aydinaski.gov.tr\/wp-content\/uploads\/2023\/01\/Buharkent-7-768x432.jpg 768w, https:\/\/www.aydinaski.gov.tr\/wp-content\/uploads\/2023\/01\/Buharkent-7-1536x864.jpg 1536w, https:\/\/www.aydinaski.gov.tr\/wp-content\/uploads\/2023\/01\/Buharkent-7.jpg 1920w\" sizes=\"auto, (max-width: 1024px) 100vw, 1024px\" \/><\/a><figcaption class=\"wp-element-caption\">default<\/figcaption><\/figure>\n\n\n\n<figure class=\"wp-block-image size-large\"><a href=\"https:\/\/www.aydinaski.gov.tr\/wp-content\/uploads\/2023\/01\/Buharkent-8.jpg\" target=\"_blank\" rel=\"noopener\"><img loading=\"lazy\" decoding=\"async\" width=\"1024\" height=\"576\" data-id=\"2428\" src=\"https:\/\/www.aydinaski.gov.tr\/wp-content\/uploads\/2023\/01\/Buharkent-8-1024x576.jpg\" alt=\"\" class=\"wp-image-2428\" srcset=\"https:\/\/www.aydinaski.gov.tr\/wp-content\/uploads\/2023\/01\/Buharkent-8-1024x576.jpg 1024w, https:\/\/www.aydinaski.gov.tr\/wp-content\/uploads\/2023\/01\/Buharkent-8-300x169.jpg 300w, https:\/\/www.aydinaski.gov.tr\/wp-content\/uploads\/2023\/01\/Buharkent-8-768x432.jpg 768w, https:\/\/www.aydinaski.gov.tr\/wp-content\/uploads\/2023\/01\/Buharkent-8-1536x864.jpg 1536w, https:\/\/www.aydinaski.gov.tr\/wp-content\/uploads\/2023\/01\/Buharkent-8.jpg 1920w\" sizes=\"auto, (max-width: 1024px) 100vw, 1024px\" \/><\/a><figcaption class=\"wp-element-caption\">default<\/figcaption><\/figure>\n\n\n\n<figure class=\"wp-block-image size-large\"><a href=\"https:\/\/www.aydinaski.gov.tr\/wp-content\/uploads\/2023\/01\/Buharkent-9.jpg\" target=\"_blank\" rel=\"noopener\"><img loading=\"lazy\" decoding=\"async\" width=\"1024\" height=\"576\" data-id=\"2433\" src=\"https:\/\/www.aydinaski.gov.tr\/wp-content\/uploads\/2023\/01\/Buharkent-9-1024x576.jpg\" alt=\"\" class=\"wp-image-2433\" srcset=\"https:\/\/www.aydinaski.gov.tr\/wp-content\/uploads\/2023\/01\/Buharkent-9-1024x576.jpg 1024w, https:\/\/www.aydinaski.gov.tr\/wp-content\/uploads\/2023\/01\/Buharkent-9-300x169.jpg 300w, https:\/\/www.aydinaski.gov.tr\/wp-content\/uploads\/2023\/01\/Buharkent-9-768x432.jpg 768w, https:\/\/www.aydinaski.gov.tr\/wp-content\/uploads\/2023\/01\/Buharkent-9-1536x864.jpg 1536w, https:\/\/www.aydinaski.gov.tr\/wp-content\/uploads\/2023\/01\/Buharkent-9.jpg 1920w\" sizes=\"auto, (max-width: 1024px) 100vw, 1024px\" \/><\/a><figcaption class=\"wp-element-caption\">default<\/figcaption><\/figure>\n<\/figure>\n","protected":false},"excerpt":{"rendered":"<p>Ayd\u0131n\u2019\u0131n her k\u00f6\u015fesinde altyap\u0131y\u0131 daha da g\u00fc\u00e7lendirmek i\u00e7in \u00e7al\u0131\u015fmalar y\u00fcr\u00fcten Ayd\u0131n B\u00fcy\u00fck\u015fehir Belediyesi Ayd\u0131n Su ve Kanalizasyon \u0130daresi Genel M\u00fcd\u00fcrl\u00fc\u011f\u00fc (ASK\u0130), Buharkent il\u00e7esinde de \u00e7al\u0131\u015fmalar\u0131n\u0131 t\u00fcm h\u0131z\u0131yla s\u00fcrd\u00fcr\u00fcyor. Buharkent\u2019e 220 milyon liral\u0131k daha yat\u0131r\u0131m yapt\u0131klar\u0131n\u0131 hat\u0131rlatan Ayd\u0131n B\u00fcy\u00fck\u015fehir Belediye Ba\u015fkan\u0131 \u00d6zlem \u00c7er\u00e7io\u011flu, il\u00e7eyi \u00e7ok daha modern bir hale getireceklerini s\u00f6yledi.<\/p>\n","protected":false},"author":1,"featured_media":2426,"comment_status":"closed","ping_status":"closed","sticky":false,"template":"","format":"standard","meta":{"ngg_post_thumbnail":0,"footnotes":""},"categories":[9],"tags":[],"class_list":["post-2425","post","type-post","status-publish","format-standard","has-post-thumbnail","hentry","category-haberler"],"_links":{"self":[{"href":"https:\/\/www.aydinaski.gov.tr\/index.php\/wp-json\/wp\/v2\/posts\/2425","targetHints":{"allow":["GET"]}}],"collection":[{"href":"https:\/\/www.aydinaski.gov.tr\/index.php\/wp-json\/wp\/v2\/posts"}],"about":[{"href":"https:\/\/www.aydinaski.gov.tr\/index.php\/wp-json\/wp\/v2\/types\/post"}],"author":[{"embeddable":true,"href":"https:\/\/www.aydinaski.gov.tr\/index.php\/wp-json\/wp\/v2\/users\/1"}],"replies":[{"embeddable":true,"href":"https:\/\/www.aydinaski.gov.tr\/index.php\/wp-json\/wp\/v2\/comments?post=2425"}],"version-history":[{"count":2,"href":"https:\/\/www.aydinaski.gov.tr\/index.php\/wp-json\/wp\/v2\/posts\/2425\/revisions"}],"predecessor-version":[{"id":2449,"href":"https:\/\/www.aydinaski.gov.tr\/index.php\/wp-json\/wp\/v2\/posts\/2425\/revisions\/2449"}],"wp:featuredmedia":[{"embeddable":true,"href":"https:\/\/www.aydinaski.gov.tr\/index.php\/wp-json\/wp\/v2\/media\/2426"}],"wp:attachment":[{"href":"https:\/\/www.aydinaski.gov.tr\/index.php\/wp-json\/wp\/v2\/media?parent=2425"}],"wp:term":[{"taxonomy":"category","embeddable":true,"href":"https:\/\/www.aydinaski.gov.tr\/index.php\/wp-json\/wp\/v2\/categories?post=2425"},{"taxonomy":"post_tag","embeddable":true,"href":"https:\/\/www.aydinaski.gov.tr\/index.php\/wp-json\/wp\/v2\/tags?post=2425"}],"curies":[{"name":"wp","href":"https:\/\/api.w.org\/{rel}","templated":true}]}}