{"id":2382,"date":"2023-01-06T09:28:30","date_gmt":"2023-01-06T06:28:30","guid":{"rendered":"https:\/\/www.aydinaski.gov.tr\/?p=2382"},"modified":"2023-01-06T09:28:58","modified_gmt":"2023-01-06T06:28:58","slug":"baskan-cercioglu-koyunlari-telef-olan-ureticiye-destek-oldu","status":"publish","type":"post","link":"https:\/\/www.aydinaski.gov.tr\/index.php\/2023\/01\/06\/baskan-cercioglu-koyunlari-telef-olan-ureticiye-destek-oldu\/","title":{"rendered":"BA\u015eKAN \u00c7ER\u00c7\u0130O\u011eLU KOYUNLARI TELEF OLAN \u00dcRET\u0130C\u0130YE DESTEK OLDU"},"content":{"rendered":"\n<p>Yenipazar\u2019\u0131n Donduran Mahallesi\u2019nde k\u00fc\u00e7\u00fckba\u015f hayvanlar\u0131 telef olan \u00fcreticinin yard\u0131m\u0131na Ayd\u0131n B\u00fcy\u00fck\u015fehir Belediye Ba\u015fkan\u0131 \u00d6zlem \u00c7er\u00e7io\u011flu yeti\u015fti. Ba\u015fkan \u00c7er\u00e7io\u011flu\u2019nun talimat\u0131yla \u00fcreticiye sak\u0131z koyunlar\u0131 hibe edildi. \u00dcretici Kemal Ertop\u00e7u, Ba\u015fkan \u00c7er\u00e7io\u011flu\u2019na kendilerini yaln\u0131z b\u0131rakmad\u0131\u011f\u0131 i\u00e7in te\u015fekk\u00fcr etti.<br><br>D\u00fcn ak\u015fam\u00fczeri meydana gelen olayda, \u00fcretici Ertop\u00e7u\u2019nun k\u00fc\u00e7\u00fckba\u015f hayvanlar\u0131 telef olmu\u015ftu. Olay\u0131n duyulmas\u0131 \u00fczerine Ba\u015fkan \u00c7er\u00e7io\u011flu\u2019nun talimat\u0131yla harekete ge\u00e7en B\u00fcy\u00fck\u015fehir Belediyesi ekipleri, \u00fcreticinin zarar\u0131n\u0131 kar\u015f\u0131lamak i\u00e7in bug\u00fcn kendisine sak\u0131z koyunlar\u0131n\u0131 teslim etti.\u00a0\u00a0<br><br>K\u00fc\u00e7\u00fckba\u015f hayvanc\u0131l\u0131kla ge\u00e7indi\u011finin ifade eden Ertop\u00e7u, koyunlar\u0131 kurbanl\u0131k olarak yeti\u015ftirmeye \u00e7al\u0131\u015ft\u0131\u011f\u0131n\u0131 s\u00f6yledi. Ertop\u00e7u <strong>\u201cEkme\u011fimizi hayvanc\u0131l\u0131kla kazan\u0131yoruz. Ba\u015fkan \u00c7er\u00e7io\u011flu\u2019na \u00e7ok te\u015fekk\u00fcr ediyorum, bizi yaln\u0131z b\u0131rakmad\u0131. Telef olan koyunlar\u0131m\u0131z\u0131n yerine sak\u0131z koyunlar\u0131 verildi. Ba\u015fkan\u0131m\u0131z\u0131n bize destek \u00e7\u0131kmas\u0131 bizleri \u00e7ok mutlu etti. Kendisinden Allah raz\u0131 olsun\u201d<\/strong> dedi.<\/p>\n","protected":false},"excerpt":{"rendered":"<p>Yenipazar\u2019\u0131n Donduran Mahallesi\u2019nde k\u00fc\u00e7\u00fckba\u015f hayvanlar\u0131 telef olan \u00fcreticinin yard\u0131m\u0131na Ayd\u0131n B\u00fcy\u00fck\u015fehir Belediye Ba\u015fkan\u0131 \u00d6zlem \u00c7er\u00e7io\u011flu yeti\u015fti. Ba\u015fkan \u00c7er\u00e7io\u011flu\u2019nun talimat\u0131yla \u00fcreticiye sak\u0131z koyunlar\u0131 hibe edildi. \u00dcretici Kemal Ertop\u00e7u, Ba\u015fkan \u00c7er\u00e7io\u011flu\u2019na kendilerini yaln\u0131z b\u0131rakmad\u0131\u011f\u0131 i\u00e7in te\u015fekk\u00fcr etti.<\/p>\n","protected":false},"author":1,"featured_media":2383,"comment_status":"closed","ping_status":"closed","sticky":false,"template":"","format":"standard","meta":{"ngg_post_thumbnail":0,"footnotes":""},"categories":[9],"tags":[],"class_list":["post-2382","post","type-post","status-publish","format-standard","has-post-thumbnail","hentry","category-haberler"],"_links":{"self":[{"href":"https:\/\/www.aydinaski.gov.tr\/index.php\/wp-json\/wp\/v2\/posts\/2382","targetHints":{"allow":["GET"]}}],"collection":[{"href":"https:\/\/www.aydinaski.gov.tr\/index.php\/wp-json\/wp\/v2\/posts"}],"about":[{"href":"https:\/\/www.aydinaski.gov.tr\/index.php\/wp-json\/wp\/v2\/types\/post"}],"author":[{"embeddable":true,"href":"https:\/\/www.aydinaski.gov.tr\/index.php\/wp-json\/wp\/v2\/users\/1"}],"replies":[{"embeddable":true,"href":"https:\/\/www.aydinaski.gov.tr\/index.php\/wp-json\/wp\/v2\/comments?post=2382"}],"version-history":[{"count":2,"href":"https:\/\/www.aydinaski.gov.tr\/index.php\/wp-json\/wp\/v2\/posts\/2382\/revisions"}],"predecessor-version":[{"id":2385,"href":"https:\/\/www.aydinaski.gov.tr\/index.php\/wp-json\/wp\/v2\/posts\/2382\/revisions\/2385"}],"wp:featuredmedia":[{"embeddable":true,"href":"https:\/\/www.aydinaski.gov.tr\/index.php\/wp-json\/wp\/v2\/media\/2383"}],"wp:attachment":[{"href":"https:\/\/www.aydinaski.gov.tr\/index.php\/wp-json\/wp\/v2\/media?parent=2382"}],"wp:term":[{"taxonomy":"category","embeddable":true,"href":"https:\/\/www.aydinaski.gov.tr\/index.php\/wp-json\/wp\/v2\/categories?post=2382"},{"taxonomy":"post_tag","embeddable":true,"href":"https:\/\/www.aydinaski.gov.tr\/index.php\/wp-json\/wp\/v2\/tags?post=2382"}],"curies":[{"name":"wp","href":"https:\/\/api.w.org\/{rel}","templated":true}]}}