{"id":2379,"date":"2023-01-05T09:38:44","date_gmt":"2023-01-05T06:38:44","guid":{"rendered":"https:\/\/www.aydinaski.gov.tr\/?p=2379"},"modified":"2023-01-05T09:38:44","modified_gmt":"2023-01-05T06:38:44","slug":"aski-ekiplerimiz-efeler-ilcesi-zeybek-mahallesi-bati-aydin-bulvarinda-kanalizasyon-hatti-yapim-calismasi-gerceklestiriyor","status":"publish","type":"post","link":"https:\/\/www.aydinaski.gov.tr\/index.php\/2023\/01\/05\/aski-ekiplerimiz-efeler-ilcesi-zeybek-mahallesi-bati-aydin-bulvarinda-kanalizasyon-hatti-yapim-calismasi-gerceklestiriyor\/","title":{"rendered":"ASK\u0130 ekiplerimiz, Efeler il\u00e7esi Zeybek mahallesi Bat\u0131 Ayd\u0131n Bulvar\u0131\u2019nda kanalizasyon hatt\u0131 yap\u0131m \u00e7al\u0131\u015fmas\u0131 ger\u00e7ekle\u015ftiriyor."},"content":{"rendered":"\n<p>ASK\u0130 ekiplerimiz, Efeler il\u00e7esi Zeybek mahallesi Bat\u0131 Ayd\u0131n Bulvar\u0131\u2019nda kanalizasyon hatt\u0131 yap\u0131m \u00e7al\u0131\u015fmas\u0131 ger\u00e7ekle\u015ftiriyor. Ayd\u0131n\u2019\u0131n altyap\u0131s\u0131n\u0131 yeniliyor ve g\u00fc\u00e7lendiriyoruz.<\/p>\n","protected":false},"excerpt":{"rendered":"<p>ASK\u0130 ekiplerimiz, Efeler il\u00e7esi Zeybek mahallesi Bat\u0131 Ayd\u0131n Bulvar\u0131\u2019nda kanalizasyon hatt\u0131 yap\u0131m \u00e7al\u0131\u015fmas\u0131 ger\u00e7ekle\u015ftiriyor.<\/p>\n","protected":false},"author":1,"featured_media":2380,"comment_status":"closed","ping_status":"","sticky":false,"template":"","format":"standard","meta":{"ngg_post_thumbnail":0,"footnotes":""},"categories":[9],"tags":[],"class_list":["post-2379","post","type-post","status-publish","format-standard","has-post-thumbnail","hentry","category-haberler"],"_links":{"self":[{"href":"https:\/\/www.aydinaski.gov.tr\/index.php\/wp-json\/wp\/v2\/posts\/2379","targetHints":{"allow":["GET"]}}],"collection":[{"href":"https:\/\/www.aydinaski.gov.tr\/index.php\/wp-json\/wp\/v2\/posts"}],"about":[{"href":"https:\/\/www.aydinaski.gov.tr\/index.php\/wp-json\/wp\/v2\/types\/post"}],"author":[{"embeddable":true,"href":"https:\/\/www.aydinaski.gov.tr\/index.php\/wp-json\/wp\/v2\/users\/1"}],"replies":[{"embeddable":true,"href":"https:\/\/www.aydinaski.gov.tr\/index.php\/wp-json\/wp\/v2\/comments?post=2379"}],"version-history":[{"count":1,"href":"https:\/\/www.aydinaski.gov.tr\/index.php\/wp-json\/wp\/v2\/posts\/2379\/revisions"}],"predecessor-version":[{"id":2381,"href":"https:\/\/www.aydinaski.gov.tr\/index.php\/wp-json\/wp\/v2\/posts\/2379\/revisions\/2381"}],"wp:featuredmedia":[{"embeddable":true,"href":"https:\/\/www.aydinaski.gov.tr\/index.php\/wp-json\/wp\/v2\/media\/2380"}],"wp:attachment":[{"href":"https:\/\/www.aydinaski.gov.tr\/index.php\/wp-json\/wp\/v2\/media?parent=2379"}],"wp:term":[{"taxonomy":"category","embeddable":true,"href":"https:\/\/www.aydinaski.gov.tr\/index.php\/wp-json\/wp\/v2\/categories?post=2379"},{"taxonomy":"post_tag","embeddable":true,"href":"https:\/\/www.aydinaski.gov.tr\/index.php\/wp-json\/wp\/v2\/tags?post=2379"}],"curies":[{"name":"wp","href":"https:\/\/api.w.org\/{rel}","templated":true}]}}