{"id":2373,"date":"2023-01-04T15:18:15","date_gmt":"2023-01-04T12:18:15","guid":{"rendered":"https:\/\/www.aydinaski.gov.tr\/?p=2373"},"modified":"2023-01-04T15:18:15","modified_gmt":"2023-01-04T12:18:15","slug":"aydin-buyuksehir-belediyesiyle-aydinda-tiyatro-zamani","status":"publish","type":"post","link":"https:\/\/www.aydinaski.gov.tr\/index.php\/2023\/01\/04\/aydin-buyuksehir-belediyesiyle-aydinda-tiyatro-zamani\/","title":{"rendered":"AYDIN B\u00dcY\u00dcK\u015eEH\u0130R BELED\u0130YES\u0130\u2019YLE AYDIN\u2019DA T\u0130YATRO ZAMANI"},"content":{"rendered":"\n<p>Sanat\u0131 ve sanat\u00e7\u0131y\u0131 Ayd\u0131nl\u0131larla bulu\u015fturmaya devam eden Ayd\u0131n B\u00fcy\u00fck\u015fehir Belediyesi bu y\u0131l da tiyatro sezonunu a\u00e7\u0131yor. Ayd\u0131n B\u00fcy\u00fck\u015fehir Belediye Ba\u015fkan\u0131 \u00d6zlem \u00c7er\u00e7io\u011flu her ya\u015ftan sanatseveri \u00fccretsiz sahnelenecek oyunlara davet etti.<\/p>\n\n\n\n<p>Ayd\u0131n B\u00fcy\u00fck\u015fehir Belediyesi \u015eehir Tiyatrosu perdelerini iki oyunla a\u00e7\u0131yor. Sezonun ilk oyunu <strong>\u201cPembe Panduflu A\u015fk\u201d<\/strong> 10 Ocak Sal\u0131 g\u00fcn\u00fc saat 20.00\u2019de sahnelenecek. Komedi t\u00fcr\u00fcndeki iki perdelik oyun \u00f6ncesi saat 16.00\u2019da oyunun yazar\u0131 Do\u00e7. Dr. Birg\u00fcl Ye\u015filo\u011flu G\u00fcler ile <strong>\u201cMeslek Olarak Tiyatro E\u011fitimi\u201d<\/strong> konulu bir s\u00f6yle\u015fi ger\u00e7ekle\u015ftirilecek.<\/p>\n\n\n\n<p>11 Ocak \u00c7ar\u015famba g\u00fcn\u00fc saat 14.00\u2019te ise k\u00fc\u00e7\u00fck sanatseverler i\u00e7in <strong>\u201cHepimiz Biriz!\u201d <\/strong>adl\u0131 \u00e7ocuk oyunu sahnelenecek. Oyunlar ve s\u00f6yle\u015fi \u015e\u00fckran G\u00fcng\u00f6r &#8211; Y\u0131ld\u0131z Kenter K\u00fclt\u00fcr Merkezi ve Tiyatro Salonu\u2019nda ger\u00e7ekle\u015ftirilecek. Oyunlar\u0131n \u00fccretsiz biletleri Vali Yaz\u0131c\u0131o\u011flu K\u00fclt\u00fcr Merkezi\u2019nden temin edilebilir.<\/p>\n\n\n\n<p>Sanata ve sanat\u00e7\u0131ya sahip \u00e7\u0131kmaya devam edeceklerini ifade eden Ba\u015fkan \u00c7er\u00e7io\u011flu, t\u00fcm Ayd\u0131nl\u0131lar\u0131 s\u00f6yle\u015fiye ve oyunlara beklediklerini s\u00f6yledi.&nbsp;<\/p>\n","protected":false},"excerpt":{"rendered":"<p>Sanat\u0131 ve sanat\u00e7\u0131y\u0131 Ayd\u0131nl\u0131larla bulu\u015fturmaya devam eden Ayd\u0131n B\u00fcy\u00fck\u015fehir Belediyesi bu y\u0131l da tiyatro sezonunu a\u00e7\u0131yor. Ayd\u0131n B\u00fcy\u00fck\u015fehir Belediye Ba\u015fkan\u0131 \u00d6zlem \u00c7er\u00e7io\u011flu her ya\u015ftan sanatseveri \u00fccretsiz sahnelenecek oyunlara davet etti.<\/p>\n","protected":false},"author":1,"featured_media":2374,"comment_status":"closed","ping_status":"","sticky":false,"template":"","format":"standard","meta":{"ngg_post_thumbnail":0,"footnotes":""},"categories":[9],"tags":[],"class_list":["post-2373","post","type-post","status-publish","format-standard","has-post-thumbnail","hentry","category-haberler"],"_links":{"self":[{"href":"https:\/\/www.aydinaski.gov.tr\/index.php\/wp-json\/wp\/v2\/posts\/2373","targetHints":{"allow":["GET"]}}],"collection":[{"href":"https:\/\/www.aydinaski.gov.tr\/index.php\/wp-json\/wp\/v2\/posts"}],"about":[{"href":"https:\/\/www.aydinaski.gov.tr\/index.php\/wp-json\/wp\/v2\/types\/post"}],"author":[{"embeddable":true,"href":"https:\/\/www.aydinaski.gov.tr\/index.php\/wp-json\/wp\/v2\/users\/1"}],"replies":[{"embeddable":true,"href":"https:\/\/www.aydinaski.gov.tr\/index.php\/wp-json\/wp\/v2\/comments?post=2373"}],"version-history":[{"count":1,"href":"https:\/\/www.aydinaski.gov.tr\/index.php\/wp-json\/wp\/v2\/posts\/2373\/revisions"}],"predecessor-version":[{"id":2375,"href":"https:\/\/www.aydinaski.gov.tr\/index.php\/wp-json\/wp\/v2\/posts\/2373\/revisions\/2375"}],"wp:featuredmedia":[{"embeddable":true,"href":"https:\/\/www.aydinaski.gov.tr\/index.php\/wp-json\/wp\/v2\/media\/2374"}],"wp:attachment":[{"href":"https:\/\/www.aydinaski.gov.tr\/index.php\/wp-json\/wp\/v2\/media?parent=2373"}],"wp:term":[{"taxonomy":"category","embeddable":true,"href":"https:\/\/www.aydinaski.gov.tr\/index.php\/wp-json\/wp\/v2\/categories?post=2373"},{"taxonomy":"post_tag","embeddable":true,"href":"https:\/\/www.aydinaski.gov.tr\/index.php\/wp-json\/wp\/v2\/tags?post=2373"}],"curies":[{"name":"wp","href":"https:\/\/api.w.org\/{rel}","templated":true}]}}