{"id":2309,"date":"2022-12-26T08:53:15","date_gmt":"2022-12-26T05:53:15","guid":{"rendered":"https:\/\/www.aydinaski.gov.tr\/?p=2309"},"modified":"2022-12-26T08:53:15","modified_gmt":"2022-12-26T05:53:15","slug":"aydinin-sultanlari-evinde-pttyi-rahat-gecti3-1","status":"publish","type":"post","link":"https:\/\/www.aydinaski.gov.tr\/index.php\/2022\/12\/26\/aydinin-sultanlari-evinde-pttyi-rahat-gecti3-1\/","title":{"rendered":"AYDIN&#8217;IN SULTANLARI EV\u0130NDE PTT&#8217;Y\u0130 RAHAT GE\u00c7T\u0130:3-1"},"content":{"rendered":"\n<p>Ayd\u0131n&#8217;\u0131n Sultanlar\u0131, Misli.com Sultanlar Ligi&#8217;nde evindeki ma\u00e7ta PTT&#8217;yi rahat<br>ge\u00e7ti: 3-1.<br>Ma\u00e7a iyi ba\u015flayan Ayd\u0131n&#8217;\u0131n Sultanlar\u0131 ilk seti 25-23 \u00f6nde kapad\u0131. \u0130kinci seti\u00a018-25<br>kaybeden Ayd\u0131n B\u00fcy\u00fck\u015fehir Belediyespor Kad\u0131n Voleybol Tak\u0131m\u0131, \u00fc\u00e7\u00fcnc\u00fc seti de<br>25-12 kazand\u0131. Ma\u00e7ta d\u00f6rd\u00fcnc\u00fc seti ise Ayd\u0131n&#8217;\u0131n Sultanlar\u0131 26-24 \u00f6nde kapad\u0131.<br>B\u00f6ylece ma\u00e7 3-1 Ayd\u0131n B\u00fcy\u00fck\u015fehir Belediyespor Kad\u0131n Voleybol Tak\u0131m\u0131&#8217;n\u0131n<br>galibiyetiyle sona erdi.<br>Ayd\u0131n B\u00fcy\u00fck\u015fehir Belediye Ba\u015fkan\u0131 \u00d6zlem \u00c7er\u00e7io\u011flu, ma\u00e7 sonras\u0131 tak\u0131m\u0131 tebrik<br>etti.<\/p>\n\n\n\n<figure class=\"wp-block-gallery has-nested-images columns-default is-cropped wp-block-gallery-1 is-layout-flex wp-block-gallery-is-layout-flex\">\n<figure class=\"wp-block-image size-large\"><img loading=\"lazy\" decoding=\"async\" width=\"1024\" height=\"552\" data-id=\"2313\" src=\"https:\/\/www.aydinaski.gov.tr\/wp-content\/uploads\/2022\/12\/PTT-_1_-1024x552.png\" alt=\"\" class=\"wp-image-2313\" srcset=\"https:\/\/www.aydinaski.gov.tr\/wp-content\/uploads\/2022\/12\/PTT-_1_-1024x552.png 1024w, https:\/\/www.aydinaski.gov.tr\/wp-content\/uploads\/2022\/12\/PTT-_1_-300x162.png 300w, https:\/\/www.aydinaski.gov.tr\/wp-content\/uploads\/2022\/12\/PTT-_1_-768x414.png 768w, https:\/\/www.aydinaski.gov.tr\/wp-content\/uploads\/2022\/12\/PTT-_1_-1536x828.png 1536w, https:\/\/www.aydinaski.gov.tr\/wp-content\/uploads\/2022\/12\/PTT-_1_.png 1594w\" sizes=\"auto, (max-width: 1024px) 100vw, 1024px\" \/><\/figure>\n\n\n\n<figure class=\"wp-block-image size-large\"><img loading=\"lazy\" decoding=\"async\" width=\"1024\" height=\"576\" data-id=\"2314\" src=\"https:\/\/www.aydinaski.gov.tr\/wp-content\/uploads\/2022\/12\/PTT-_2_-1-1024x576.png\" alt=\"\" class=\"wp-image-2314\" srcset=\"https:\/\/www.aydinaski.gov.tr\/wp-content\/uploads\/2022\/12\/PTT-_2_-1-1024x576.png 1024w, https:\/\/www.aydinaski.gov.tr\/wp-content\/uploads\/2022\/12\/PTT-_2_-1-300x169.png 300w, https:\/\/www.aydinaski.gov.tr\/wp-content\/uploads\/2022\/12\/PTT-_2_-1-768x432.png 768w, https:\/\/www.aydinaski.gov.tr\/wp-content\/uploads\/2022\/12\/PTT-_2_-1-1536x864.png 1536w, https:\/\/www.aydinaski.gov.tr\/wp-content\/uploads\/2022\/12\/PTT-_2_-1.png 1600w\" sizes=\"auto, (max-width: 1024px) 100vw, 1024px\" \/><\/figure>\n\n\n\n<figure class=\"wp-block-image size-large\"><img loading=\"lazy\" decoding=\"async\" width=\"1024\" height=\"768\" data-id=\"2312\" src=\"https:\/\/www.aydinaski.gov.tr\/wp-content\/uploads\/2022\/12\/PTT-_3_.png\" alt=\"\" class=\"wp-image-2312\" srcset=\"https:\/\/www.aydinaski.gov.tr\/wp-content\/uploads\/2022\/12\/PTT-_3_.png 1024w, https:\/\/www.aydinaski.gov.tr\/wp-content\/uploads\/2022\/12\/PTT-_3_-300x225.png 300w, https:\/\/www.aydinaski.gov.tr\/wp-content\/uploads\/2022\/12\/PTT-_3_-768x576.png 768w\" sizes=\"auto, (max-width: 1024px) 100vw, 1024px\" \/><\/figure>\n\n\n\n<figure class=\"wp-block-image size-large\"><img loading=\"lazy\" decoding=\"async\" width=\"1015\" height=\"632\" data-id=\"2311\" src=\"https:\/\/www.aydinaski.gov.tr\/wp-content\/uploads\/2022\/12\/PTT-_4_.png\" alt=\"\" class=\"wp-image-2311\" srcset=\"https:\/\/www.aydinaski.gov.tr\/wp-content\/uploads\/2022\/12\/PTT-_4_.png 1015w, https:\/\/www.aydinaski.gov.tr\/wp-content\/uploads\/2022\/12\/PTT-_4_-300x187.png 300w, https:\/\/www.aydinaski.gov.tr\/wp-content\/uploads\/2022\/12\/PTT-_4_-768x478.png 768w\" sizes=\"auto, (max-width: 1015px) 100vw, 1015px\" \/><\/figure>\n<\/figure>\n","protected":false},"excerpt":{"rendered":"<p>Ayd\u0131n&#8217;\u0131n Sultanlar\u0131, Misli.com Sultanlar Ligi&#8217;nde evindeki ma\u00e7ta PTT&#8217;yi rahat<br \/>\nge\u00e7ti: 3-1.<\/p>\n","protected":false},"author":1,"featured_media":2310,"comment_status":"closed","ping_status":"","sticky":false,"template":"","format":"standard","meta":{"ngg_post_thumbnail":0,"footnotes":""},"categories":[9],"tags":[],"class_list":["post-2309","post","type-post","status-publish","format-standard","has-post-thumbnail","hentry","category-haberler"],"_links":{"self":[{"href":"https:\/\/www.aydinaski.gov.tr\/index.php\/wp-json\/wp\/v2\/posts\/2309","targetHints":{"allow":["GET"]}}],"collection":[{"href":"https:\/\/www.aydinaski.gov.tr\/index.php\/wp-json\/wp\/v2\/posts"}],"about":[{"href":"https:\/\/www.aydinaski.gov.tr\/index.php\/wp-json\/wp\/v2\/types\/post"}],"author":[{"embeddable":true,"href":"https:\/\/www.aydinaski.gov.tr\/index.php\/wp-json\/wp\/v2\/users\/1"}],"replies":[{"embeddable":true,"href":"https:\/\/www.aydinaski.gov.tr\/index.php\/wp-json\/wp\/v2\/comments?post=2309"}],"version-history":[{"count":1,"href":"https:\/\/www.aydinaski.gov.tr\/index.php\/wp-json\/wp\/v2\/posts\/2309\/revisions"}],"predecessor-version":[{"id":2315,"href":"https:\/\/www.aydinaski.gov.tr\/index.php\/wp-json\/wp\/v2\/posts\/2309\/revisions\/2315"}],"wp:featuredmedia":[{"embeddable":true,"href":"https:\/\/www.aydinaski.gov.tr\/index.php\/wp-json\/wp\/v2\/media\/2310"}],"wp:attachment":[{"href":"https:\/\/www.aydinaski.gov.tr\/index.php\/wp-json\/wp\/v2\/media?parent=2309"}],"wp:term":[{"taxonomy":"category","embeddable":true,"href":"https:\/\/www.aydinaski.gov.tr\/index.php\/wp-json\/wp\/v2\/categories?post=2309"},{"taxonomy":"post_tag","embeddable":true,"href":"https:\/\/www.aydinaski.gov.tr\/index.php\/wp-json\/wp\/v2\/tags?post=2309"}],"curies":[{"name":"wp","href":"https:\/\/api.w.org\/{rel}","templated":true}]}}