{"id":2299,"date":"2022-12-22T16:17:57","date_gmt":"2022-12-22T13:17:57","guid":{"rendered":"https:\/\/www.aydinaski.gov.tr\/?p=2299"},"modified":"2022-12-22T16:18:18","modified_gmt":"2022-12-22T13:18:18","slug":"aski-karacasu-yazirda-golet-genisletme-calismasina-basladi","status":"publish","type":"post","link":"https:\/\/www.aydinaski.gov.tr\/index.php\/2022\/12\/22\/aski-karacasu-yazirda-golet-genisletme-calismasina-basladi\/","title":{"rendered":"ASK\u0130, KARACASU YAZIR\u2019DA G\u00d6LET GEN\u0130\u015eLETME \u00c7ALI\u015eMASINA BA\u015eLADI"},"content":{"rendered":"\n<p>Ayd\u0131n B\u00fcy\u00fck\u015fehir Belediyesi Ayd\u0131n Su ve Kanalizasyon \u0130daresi Genel M\u00fcd\u00fcrl\u00fc\u011f\u00fc ekipleri Ayd\u0131n genelinde \u00e7al\u0131\u015fmalar\u0131na devam ediyor. Karacasu il\u00e7esinin Yaz\u0131r Mahallesi\u2019ndeki sulama g\u00f6letinde \u00e7al\u0131\u015fma ba\u015flatan ekipler g\u00f6letin kapasitesini art\u0131r\u0131yor. Mahalle muhtar\u0131 Kaz\u0131m Uysal yap\u0131lan \u00e7al\u0131\u015fma i\u00e7in Ayd\u0131n B\u00fcy\u00fck\u015fehir Belediye Ba\u015fkan\u0131 \u00d6zlem \u00c7er\u00e7io\u011flu\u2019na te\u015fekk\u00fcr etti.&nbsp;<\/p>\n\n\n\n<p>G\u00f6lette yakla\u015f\u0131k y\u00fcz bin metrek\u00fcpl\u00fck bir geni\u015fletmenin yap\u0131lmas\u0131n\u0131n planland\u0131\u011f\u0131n\u0131 ifade eden mahalle muhtar\u0131 Uysal, \u201cArazilerimiz olduk\u00e7a geni\u015f. 2 bin d\u00f6n\u00fcm araziyi sulamak i\u00e7in kullanaca\u011f\u0131z. Bu arazileri sulamak i\u00e7in damlama sulama sistemine ge\u00e7meyi istiyoruz. Yap\u0131lan \u00e7al\u0131\u015fmalar i\u00e7in ba\u015fta Ba\u015fkan \u00c7er\u00e7io\u011flu olmak \u00fczere eme\u011fi ge\u00e7en herkese te\u015fekk\u00fcr ediyoruz\u201d ifadelerini kulland\u0131.\u00a0<\/p>\n\n\n\n<figure class=\"wp-block-gallery has-nested-images columns-default is-cropped wp-block-gallery-1 is-layout-flex wp-block-gallery-is-layout-flex\">\n<figure class=\"wp-block-image size-large\"><img loading=\"lazy\" decoding=\"async\" width=\"1024\" height=\"577\" data-id=\"2301\" src=\"https:\/\/www.aydinaski.gov.tr\/wp-content\/uploads\/2022\/12\/Golet-Genisletme-1-1-1024x577.jpg\" alt=\"\" class=\"wp-image-2301\" srcset=\"https:\/\/www.aydinaski.gov.tr\/wp-content\/uploads\/2022\/12\/Golet-Genisletme-1-1-1024x577.jpg 1024w, https:\/\/www.aydinaski.gov.tr\/wp-content\/uploads\/2022\/12\/Golet-Genisletme-1-1-300x169.jpg 300w, https:\/\/www.aydinaski.gov.tr\/wp-content\/uploads\/2022\/12\/Golet-Genisletme-1-1-768x432.jpg 768w, https:\/\/www.aydinaski.gov.tr\/wp-content\/uploads\/2022\/12\/Golet-Genisletme-1-1-1536x865.jpg 1536w, https:\/\/www.aydinaski.gov.tr\/wp-content\/uploads\/2022\/12\/Golet-Genisletme-1-1.jpg 1918w\" sizes=\"auto, (max-width: 1024px) 100vw, 1024px\" \/><\/figure>\n\n\n\n<figure class=\"wp-block-image size-large\"><img loading=\"lazy\" decoding=\"async\" width=\"1024\" height=\"576\" data-id=\"2302\" src=\"https:\/\/www.aydinaski.gov.tr\/wp-content\/uploads\/2022\/12\/Golet-Genisletme-2-1024x576.jpg\" alt=\"\" class=\"wp-image-2302\" srcset=\"https:\/\/www.aydinaski.gov.tr\/wp-content\/uploads\/2022\/12\/Golet-Genisletme-2-1024x576.jpg 1024w, https:\/\/www.aydinaski.gov.tr\/wp-content\/uploads\/2022\/12\/Golet-Genisletme-2-300x169.jpg 300w, https:\/\/www.aydinaski.gov.tr\/wp-content\/uploads\/2022\/12\/Golet-Genisletme-2-768x432.jpg 768w, https:\/\/www.aydinaski.gov.tr\/wp-content\/uploads\/2022\/12\/Golet-Genisletme-2-1536x864.jpg 1536w, https:\/\/www.aydinaski.gov.tr\/wp-content\/uploads\/2022\/12\/Golet-Genisletme-2.jpg 1920w\" sizes=\"auto, (max-width: 1024px) 100vw, 1024px\" \/><figcaption class=\"wp-element-caption\">default<\/figcaption><\/figure>\n\n\n\n<figure class=\"wp-block-image size-large\"><img loading=\"lazy\" decoding=\"async\" width=\"1024\" height=\"576\" data-id=\"2304\" src=\"https:\/\/www.aydinaski.gov.tr\/wp-content\/uploads\/2022\/12\/Golet-Genisletme-3-1024x576.jpg\" alt=\"\" class=\"wp-image-2304\" srcset=\"https:\/\/www.aydinaski.gov.tr\/wp-content\/uploads\/2022\/12\/Golet-Genisletme-3-1024x576.jpg 1024w, https:\/\/www.aydinaski.gov.tr\/wp-content\/uploads\/2022\/12\/Golet-Genisletme-3-300x169.jpg 300w, https:\/\/www.aydinaski.gov.tr\/wp-content\/uploads\/2022\/12\/Golet-Genisletme-3-768x432.jpg 768w, https:\/\/www.aydinaski.gov.tr\/wp-content\/uploads\/2022\/12\/Golet-Genisletme-3-1536x864.jpg 1536w, https:\/\/www.aydinaski.gov.tr\/wp-content\/uploads\/2022\/12\/Golet-Genisletme-3.jpg 1920w\" sizes=\"auto, (max-width: 1024px) 100vw, 1024px\" \/><figcaption class=\"wp-element-caption\">default<\/figcaption><\/figure>\n\n\n\n<figure class=\"wp-block-image size-large\"><img loading=\"lazy\" decoding=\"async\" width=\"1024\" height=\"576\" data-id=\"2305\" src=\"https:\/\/www.aydinaski.gov.tr\/wp-content\/uploads\/2022\/12\/Golet-Genisletme-4-1024x576.jpg\" alt=\"\" class=\"wp-image-2305\" srcset=\"https:\/\/www.aydinaski.gov.tr\/wp-content\/uploads\/2022\/12\/Golet-Genisletme-4-1024x576.jpg 1024w, https:\/\/www.aydinaski.gov.tr\/wp-content\/uploads\/2022\/12\/Golet-Genisletme-4-300x169.jpg 300w, https:\/\/www.aydinaski.gov.tr\/wp-content\/uploads\/2022\/12\/Golet-Genisletme-4-768x432.jpg 768w, https:\/\/www.aydinaski.gov.tr\/wp-content\/uploads\/2022\/12\/Golet-Genisletme-4-1536x864.jpg 1536w, https:\/\/www.aydinaski.gov.tr\/wp-content\/uploads\/2022\/12\/Golet-Genisletme-4.jpg 1920w\" sizes=\"auto, (max-width: 1024px) 100vw, 1024px\" \/><figcaption class=\"wp-element-caption\">default<\/figcaption><\/figure>\n\n\n\n<figure class=\"wp-block-image size-large\"><img loading=\"lazy\" decoding=\"async\" width=\"1024\" height=\"576\" data-id=\"2303\" src=\"https:\/\/www.aydinaski.gov.tr\/wp-content\/uploads\/2022\/12\/Golet-Genisletme-5-1024x576.jpg\" alt=\"\" class=\"wp-image-2303\" srcset=\"https:\/\/www.aydinaski.gov.tr\/wp-content\/uploads\/2022\/12\/Golet-Genisletme-5-1024x576.jpg 1024w, https:\/\/www.aydinaski.gov.tr\/wp-content\/uploads\/2022\/12\/Golet-Genisletme-5-300x169.jpg 300w, https:\/\/www.aydinaski.gov.tr\/wp-content\/uploads\/2022\/12\/Golet-Genisletme-5-768x432.jpg 768w, https:\/\/www.aydinaski.gov.tr\/wp-content\/uploads\/2022\/12\/Golet-Genisletme-5-1536x864.jpg 1536w, https:\/\/www.aydinaski.gov.tr\/wp-content\/uploads\/2022\/12\/Golet-Genisletme-5.jpg 1920w\" sizes=\"auto, (max-width: 1024px) 100vw, 1024px\" \/><figcaption class=\"wp-element-caption\">default<\/figcaption><\/figure>\n<\/figure>\n","protected":false},"excerpt":{"rendered":"<p>Ayd\u0131n B\u00fcy\u00fck\u015fehir Belediyesi Ayd\u0131n Su ve Kanalizasyon \u0130daresi Genel M\u00fcd\u00fcrl\u00fc\u011f\u00fc ekipleri Ayd\u0131n genelinde \u00e7al\u0131\u015fmalar\u0131na devam ediyor.<\/p>\n","protected":false},"author":1,"featured_media":2300,"comment_status":"closed","ping_status":"closed","sticky":false,"template":"","format":"standard","meta":{"ngg_post_thumbnail":0,"footnotes":""},"categories":[9],"tags":[],"class_list":["post-2299","post","type-post","status-publish","format-standard","has-post-thumbnail","hentry","category-haberler"],"_links":{"self":[{"href":"https:\/\/www.aydinaski.gov.tr\/index.php\/wp-json\/wp\/v2\/posts\/2299","targetHints":{"allow":["GET"]}}],"collection":[{"href":"https:\/\/www.aydinaski.gov.tr\/index.php\/wp-json\/wp\/v2\/posts"}],"about":[{"href":"https:\/\/www.aydinaski.gov.tr\/index.php\/wp-json\/wp\/v2\/types\/post"}],"author":[{"embeddable":true,"href":"https:\/\/www.aydinaski.gov.tr\/index.php\/wp-json\/wp\/v2\/users\/1"}],"replies":[{"embeddable":true,"href":"https:\/\/www.aydinaski.gov.tr\/index.php\/wp-json\/wp\/v2\/comments?post=2299"}],"version-history":[{"count":2,"href":"https:\/\/www.aydinaski.gov.tr\/index.php\/wp-json\/wp\/v2\/posts\/2299\/revisions"}],"predecessor-version":[{"id":2307,"href":"https:\/\/www.aydinaski.gov.tr\/index.php\/wp-json\/wp\/v2\/posts\/2299\/revisions\/2307"}],"wp:featuredmedia":[{"embeddable":true,"href":"https:\/\/www.aydinaski.gov.tr\/index.php\/wp-json\/wp\/v2\/media\/2300"}],"wp:attachment":[{"href":"https:\/\/www.aydinaski.gov.tr\/index.php\/wp-json\/wp\/v2\/media?parent=2299"}],"wp:term":[{"taxonomy":"category","embeddable":true,"href":"https:\/\/www.aydinaski.gov.tr\/index.php\/wp-json\/wp\/v2\/categories?post=2299"},{"taxonomy":"post_tag","embeddable":true,"href":"https:\/\/www.aydinaski.gov.tr\/index.php\/wp-json\/wp\/v2\/tags?post=2299"}],"curies":[{"name":"wp","href":"https:\/\/api.w.org\/{rel}","templated":true}]}}