{"id":2284,"date":"2022-12-19T16:08:07","date_gmt":"2022-12-19T13:08:07","guid":{"rendered":"https:\/\/www.aydinaski.gov.tr\/?p=2284"},"modified":"2022-12-19T16:08:07","modified_gmt":"2022-12-19T13:08:07","slug":"erzurumlulardan-baskan-cerciogluna-ziyaret-2","status":"publish","type":"post","link":"https:\/\/www.aydinaski.gov.tr\/index.php\/2022\/12\/19\/erzurumlulardan-baskan-cerciogluna-ziyaret-2\/","title":{"rendered":"ERZURUMLULARDAN BA\u015eKAN \u00c7ER\u00c7\u0130O\u011eLU&#8217;NA Z\u0130YARET"},"content":{"rendered":"\n<p>Ayd\u0131n Erzurumlular K\u00fclt\u00fcr ve Yard\u0131mla\u015fma Derne\u011fi Ba\u015fkan\u0131 Ethem Ye\u015filyurt ve dernek y\u00f6netimi, Ayd\u0131n B\u00fcy\u00fck\u015fehir Belediye Ba\u015fkan\u0131 \u00d6zlem \u00c7er\u00e7io\u011flu\u2019na nezaket ziyaretinde bulundu.&nbsp;<\/p>\n\n\n\n<p>Ye\u015filyurt, Ba\u015fkan \u00c7er\u00e7io\u011flu\u2019nu Ayd\u0131n\u2019daki ba\u015far\u0131l\u0131 \u00e7al\u0131\u015fmalar\u0131ndan dolay\u0131 kutlarken Ba\u015fkan \u00c7er\u00e7io\u011flu da Ye\u015filyurt ve beraberindeki heyete nazik ziyaretleri i\u00e7in te\u015fekk\u00fcr etti.<\/p>\n\n\n\n<figure class=\"wp-block-image size-large\"><img loading=\"lazy\" decoding=\"async\" width=\"1024\" height=\"683\" src=\"https:\/\/www.aydinaski.gov.tr\/wp-content\/uploads\/2022\/12\/Ziyaret-8-1024x683.jpg\" alt=\"\" class=\"wp-image-2285\" srcset=\"https:\/\/www.aydinaski.gov.tr\/wp-content\/uploads\/2022\/12\/Ziyaret-8-1024x683.jpg 1024w, https:\/\/www.aydinaski.gov.tr\/wp-content\/uploads\/2022\/12\/Ziyaret-8-300x200.jpg 300w, https:\/\/www.aydinaski.gov.tr\/wp-content\/uploads\/2022\/12\/Ziyaret-8-768x512.jpg 768w, https:\/\/www.aydinaski.gov.tr\/wp-content\/uploads\/2022\/12\/Ziyaret-8-1536x1024.jpg 1536w, https:\/\/www.aydinaski.gov.tr\/wp-content\/uploads\/2022\/12\/Ziyaret-8.jpg 1620w\" sizes=\"auto, (max-width: 1024px) 100vw, 1024px\" \/><\/figure>\n","protected":false},"excerpt":{"rendered":"<p>Ayd\u0131n Erzurumlular K\u00fclt\u00fcr ve Yard\u0131mla\u015fma Derne\u011fi Ba\u015fkan\u0131 Ethem Ye\u015filyurt ve dernek y\u00f6netimi, Ayd\u0131n B\u00fcy\u00fck\u015fehir Belediye Ba\u015fkan\u0131 \u00d6zlem \u00c7er\u00e7io\u011flu\u2019na nezaket ziyaretinde bulundu.\u00a0<\/p>\n","protected":false},"author":1,"featured_media":2285,"comment_status":"closed","ping_status":"","sticky":false,"template":"","format":"standard","meta":{"ngg_post_thumbnail":0,"footnotes":""},"categories":[9],"tags":[],"class_list":["post-2284","post","type-post","status-publish","format-standard","has-post-thumbnail","hentry","category-haberler"],"_links":{"self":[{"href":"https:\/\/www.aydinaski.gov.tr\/index.php\/wp-json\/wp\/v2\/posts\/2284","targetHints":{"allow":["GET"]}}],"collection":[{"href":"https:\/\/www.aydinaski.gov.tr\/index.php\/wp-json\/wp\/v2\/posts"}],"about":[{"href":"https:\/\/www.aydinaski.gov.tr\/index.php\/wp-json\/wp\/v2\/types\/post"}],"author":[{"embeddable":true,"href":"https:\/\/www.aydinaski.gov.tr\/index.php\/wp-json\/wp\/v2\/users\/1"}],"replies":[{"embeddable":true,"href":"https:\/\/www.aydinaski.gov.tr\/index.php\/wp-json\/wp\/v2\/comments?post=2284"}],"version-history":[{"count":1,"href":"https:\/\/www.aydinaski.gov.tr\/index.php\/wp-json\/wp\/v2\/posts\/2284\/revisions"}],"predecessor-version":[{"id":2286,"href":"https:\/\/www.aydinaski.gov.tr\/index.php\/wp-json\/wp\/v2\/posts\/2284\/revisions\/2286"}],"wp:featuredmedia":[{"embeddable":true,"href":"https:\/\/www.aydinaski.gov.tr\/index.php\/wp-json\/wp\/v2\/media\/2285"}],"wp:attachment":[{"href":"https:\/\/www.aydinaski.gov.tr\/index.php\/wp-json\/wp\/v2\/media?parent=2284"}],"wp:term":[{"taxonomy":"category","embeddable":true,"href":"https:\/\/www.aydinaski.gov.tr\/index.php\/wp-json\/wp\/v2\/categories?post=2284"},{"taxonomy":"post_tag","embeddable":true,"href":"https:\/\/www.aydinaski.gov.tr\/index.php\/wp-json\/wp\/v2\/tags?post=2284"}],"curies":[{"name":"wp","href":"https:\/\/api.w.org\/{rel}","templated":true}]}}