{"id":2210,"date":"2022-12-06T09:07:31","date_gmt":"2022-12-06T06:07:31","guid":{"rendered":"https:\/\/www.aydinaski.gov.tr\/?p=2210"},"modified":"2022-12-06T09:08:21","modified_gmt":"2022-12-06T06:08:21","slug":"erzurumlulardan-baskan-cerciogluna-ziyaret","status":"publish","type":"post","link":"https:\/\/www.aydinaski.gov.tr\/index.php\/2022\/12\/06\/erzurumlulardan-baskan-cerciogluna-ziyaret\/","title":{"rendered":"ERZURUMLULARDAN BA\u015eKAN \u00c7ER\u00c7\u0130O\u011eLU&#8217;NA Z\u0130YARET"},"content":{"rendered":"\n<p>Ayd\u0131n Erzurumlular K\u00fclt\u00fcr ve Yard\u0131mla\u015fma Derne\u011fi Ba\u015fkan\u0131 Ethem Ye\u015filyurt ve beraberindeki heyet, Ayd\u0131n B\u00fcy\u00fck\u015fehir Belediye Ba\u015fkan\u0131 \u00d6zlem \u00c7er\u00e7io\u011flu\u2019na nezaket ziyaretinde bulundu.<\/p>\n\n\n\n<p>Derne\u011fin y\u00f6netim kurulu \u00fcyeleriyle birlikte ziyareti ger\u00e7ekle\u015ftiren Ye\u015filyurt, Ba\u015fkan \u00c7er\u00e7io\u011flu\u2019nu ba\u015far\u0131l\u0131 \u00e7al\u0131\u015fmalar\u0131ndan dolay\u0131 kutlad\u0131. Ba\u015fkan \u00c7er\u00e7io\u011flu ise Ye\u015filyurt ve beraberindeki heyete nazik ziyaretleri i\u00e7in te\u015fekk\u00fcr etti.\u00a0\u00a0<\/p>\n\n\n\n<figure class=\"wp-block-image size-large\"><img loading=\"lazy\" decoding=\"async\" width=\"1024\" height=\"683\" src=\"https:\/\/www.aydinaski.gov.tr\/wp-content\/uploads\/2022\/12\/Ziyaret-5-1024x683.jpg\" alt=\"\" class=\"wp-image-2211\" srcset=\"https:\/\/www.aydinaski.gov.tr\/wp-content\/uploads\/2022\/12\/Ziyaret-5-1024x683.jpg 1024w, https:\/\/www.aydinaski.gov.tr\/wp-content\/uploads\/2022\/12\/Ziyaret-5-300x200.jpg 300w, https:\/\/www.aydinaski.gov.tr\/wp-content\/uploads\/2022\/12\/Ziyaret-5-768x512.jpg 768w, https:\/\/www.aydinaski.gov.tr\/wp-content\/uploads\/2022\/12\/Ziyaret-5-1536x1024.jpg 1536w, https:\/\/www.aydinaski.gov.tr\/wp-content\/uploads\/2022\/12\/Ziyaret-5.jpg 1620w\" sizes=\"auto, (max-width: 1024px) 100vw, 1024px\" \/><\/figure>\n","protected":false},"excerpt":{"rendered":"<p>Ayd\u0131n Erzurumlular K\u00fclt\u00fcr ve Yard\u0131mla\u015fma Derne\u011fi Ba\u015fkan\u0131 Ethem Ye\u015filyurt ve beraberindeki heyet, Ayd\u0131n B\u00fcy\u00fck\u015fehir Belediye Ba\u015fkan\u0131 \u00d6zlem \u00c7er\u00e7io\u011flu\u2019na nezaket ziyaretinde bulundu.<\/p>\n","protected":false},"author":1,"featured_media":2211,"comment_status":"closed","ping_status":"closed","sticky":false,"template":"","format":"standard","meta":{"ngg_post_thumbnail":0,"footnotes":""},"categories":[9],"tags":[],"class_list":["post-2210","post","type-post","status-publish","format-standard","has-post-thumbnail","hentry","category-haberler"],"_links":{"self":[{"href":"https:\/\/www.aydinaski.gov.tr\/index.php\/wp-json\/wp\/v2\/posts\/2210","targetHints":{"allow":["GET"]}}],"collection":[{"href":"https:\/\/www.aydinaski.gov.tr\/index.php\/wp-json\/wp\/v2\/posts"}],"about":[{"href":"https:\/\/www.aydinaski.gov.tr\/index.php\/wp-json\/wp\/v2\/types\/post"}],"author":[{"embeddable":true,"href":"https:\/\/www.aydinaski.gov.tr\/index.php\/wp-json\/wp\/v2\/users\/1"}],"replies":[{"embeddable":true,"href":"https:\/\/www.aydinaski.gov.tr\/index.php\/wp-json\/wp\/v2\/comments?post=2210"}],"version-history":[{"count":2,"href":"https:\/\/www.aydinaski.gov.tr\/index.php\/wp-json\/wp\/v2\/posts\/2210\/revisions"}],"predecessor-version":[{"id":2215,"href":"https:\/\/www.aydinaski.gov.tr\/index.php\/wp-json\/wp\/v2\/posts\/2210\/revisions\/2215"}],"wp:featuredmedia":[{"embeddable":true,"href":"https:\/\/www.aydinaski.gov.tr\/index.php\/wp-json\/wp\/v2\/media\/2211"}],"wp:attachment":[{"href":"https:\/\/www.aydinaski.gov.tr\/index.php\/wp-json\/wp\/v2\/media?parent=2210"}],"wp:term":[{"taxonomy":"category","embeddable":true,"href":"https:\/\/www.aydinaski.gov.tr\/index.php\/wp-json\/wp\/v2\/categories?post=2210"},{"taxonomy":"post_tag","embeddable":true,"href":"https:\/\/www.aydinaski.gov.tr\/index.php\/wp-json\/wp\/v2\/tags?post=2210"}],"curies":[{"name":"wp","href":"https:\/\/api.w.org\/{rel}","templated":true}]}}