{"id":2064,"date":"2022-11-17T17:01:51","date_gmt":"2022-11-17T14:01:51","guid":{"rendered":"https:\/\/www.aydinaski.gov.tr\/?p=2064"},"modified":"2022-11-17T17:05:41","modified_gmt":"2022-11-17T14:05:41","slug":"aydin-buyuksehir-belediyesi-ataya-saygi-konseri-duzenledi","status":"publish","type":"post","link":"https:\/\/www.aydinaski.gov.tr\/index.php\/2022\/11\/17\/aydin-buyuksehir-belediyesi-ataya-saygi-konseri-duzenledi\/","title":{"rendered":"AYDIN B\u00dcY\u00dcK\u015eEH\u0130R BELED\u0130YES\u0130, ATA&#8217;YA SAYGI KONSER\u0130 D\u00dcZENLED\u0130"},"content":{"rendered":"\n<p>Ayd\u0131n B\u00fcy\u00fck\u015fehir Belediyesi, aram\u0131zdan ayr\u0131l\u0131\u015f\u0131n\u0131n 84. y\u0131l d\u00f6n\u00fcm\u00fcnde Gazi Mustafa Kemal Atat\u00fcrk&#8217;\u00fc \u015e\u00fckran G\u00fcng\u00f6r-Y\u0131ld\u0131z Kenter Tiyatro Salonu ve K\u00fclt\u00fcr Merkezi&#8217;nde yap\u0131lan &#8220;Ata&#8217;ya Sayg\u0131 Konseri&#8221;yle and\u0131.<\/p>\n\n\n\n<p>Birbirinden de\u011ferli T\u00fcrk Sanat M\u00fczi\u011fi eserlerinin seyircilerle bulu\u015ftu\u011fu gecede, Gazi Mustafa Kemal Atat\u00fcrk&#8217;\u00fcn de sevdi\u011fi eserler seslendirildi. D\u00fcn ak\u015fam Ayd\u0131n B\u00fcy\u00fck\u015fehir Belediyesi T\u00fcrk Sanat M\u00fczi\u011fi Korosu ve koro \u00fcyeleri taraf\u0131ndan solo olarak seslendirilen \u015fark\u0131lar izleyicilerden b\u00fcy\u00fck alk\u0131\u015f ald\u0131. Geceye kat\u0131lanlar, Gazi Mustafa Kemal Atat\u00fcrk\u2019\u00fc sanatla and\u0131\u011f\u0131 i\u00e7in Ayd\u0131n B\u00fcy\u00fck\u015fehir Belediye Ba\u015fkan\u0131 \u00d6zlem \u00c7er\u00e7io\u011flu\u2019na te\u015fekk\u00fcr etti.<\/p>\n\n\n\n<figure class=\"wp-block-gallery has-nested-images columns-default is-cropped wp-block-gallery-1 is-layout-flex wp-block-gallery-is-layout-flex\">\n<figure class=\"wp-block-image size-large\"><img loading=\"lazy\" decoding=\"async\" width=\"1024\" height=\"577\" data-id=\"2066\" src=\"https:\/\/www.aydinaski.gov.tr\/wp-content\/uploads\/2022\/11\/Konser-1-1024x577.jpg\" alt=\"\" class=\"wp-image-2066\" srcset=\"https:\/\/www.aydinaski.gov.tr\/wp-content\/uploads\/2022\/11\/Konser-1-1024x577.jpg 1024w, https:\/\/www.aydinaski.gov.tr\/wp-content\/uploads\/2022\/11\/Konser-1-300x169.jpg 300w, https:\/\/www.aydinaski.gov.tr\/wp-content\/uploads\/2022\/11\/Konser-1-768x432.jpg 768w, https:\/\/www.aydinaski.gov.tr\/wp-content\/uploads\/2022\/11\/Konser-1-1536x865.jpg 1536w, https:\/\/www.aydinaski.gov.tr\/wp-content\/uploads\/2022\/11\/Konser-1.jpg 2000w\" sizes=\"auto, (max-width: 1024px) 100vw, 1024px\" \/><\/figure>\n\n\n\n<figure class=\"wp-block-image size-large\"><img loading=\"lazy\" decoding=\"async\" width=\"1024\" height=\"577\" data-id=\"2069\" src=\"https:\/\/www.aydinaski.gov.tr\/wp-content\/uploads\/2022\/11\/Konser-2-1-1024x577.jpg\" alt=\"\" class=\"wp-image-2069\" srcset=\"https:\/\/www.aydinaski.gov.tr\/wp-content\/uploads\/2022\/11\/Konser-2-1-1024x577.jpg 1024w, https:\/\/www.aydinaski.gov.tr\/wp-content\/uploads\/2022\/11\/Konser-2-1-300x169.jpg 300w, https:\/\/www.aydinaski.gov.tr\/wp-content\/uploads\/2022\/11\/Konser-2-1-768x432.jpg 768w, https:\/\/www.aydinaski.gov.tr\/wp-content\/uploads\/2022\/11\/Konser-2-1-1536x865.jpg 1536w, https:\/\/www.aydinaski.gov.tr\/wp-content\/uploads\/2022\/11\/Konser-2-1.jpg 2000w\" sizes=\"auto, (max-width: 1024px) 100vw, 1024px\" \/><\/figure>\n\n\n\n<figure class=\"wp-block-image size-large\"><img loading=\"lazy\" decoding=\"async\" width=\"1024\" height=\"577\" data-id=\"2070\" src=\"https:\/\/www.aydinaski.gov.tr\/wp-content\/uploads\/2022\/11\/Konser-4-1024x577.jpg\" alt=\"\" class=\"wp-image-2070\" srcset=\"https:\/\/www.aydinaski.gov.tr\/wp-content\/uploads\/2022\/11\/Konser-4-1024x577.jpg 1024w, https:\/\/www.aydinaski.gov.tr\/wp-content\/uploads\/2022\/11\/Konser-4-300x169.jpg 300w, https:\/\/www.aydinaski.gov.tr\/wp-content\/uploads\/2022\/11\/Konser-4-768x432.jpg 768w, https:\/\/www.aydinaski.gov.tr\/wp-content\/uploads\/2022\/11\/Konser-4-1536x865.jpg 1536w, https:\/\/www.aydinaski.gov.tr\/wp-content\/uploads\/2022\/11\/Konser-4.jpg 2000w\" sizes=\"auto, (max-width: 1024px) 100vw, 1024px\" \/><\/figure>\n\n\n\n<figure class=\"wp-block-image size-large\"><img loading=\"lazy\" decoding=\"async\" width=\"1024\" height=\"577\" data-id=\"2072\" src=\"https:\/\/www.aydinaski.gov.tr\/wp-content\/uploads\/2022\/11\/Konser-5-1024x577.jpg\" alt=\"\" class=\"wp-image-2072\" srcset=\"https:\/\/www.aydinaski.gov.tr\/wp-content\/uploads\/2022\/11\/Konser-5-1024x577.jpg 1024w, https:\/\/www.aydinaski.gov.tr\/wp-content\/uploads\/2022\/11\/Konser-5-300x169.jpg 300w, https:\/\/www.aydinaski.gov.tr\/wp-content\/uploads\/2022\/11\/Konser-5-768x432.jpg 768w, https:\/\/www.aydinaski.gov.tr\/wp-content\/uploads\/2022\/11\/Konser-5-1536x865.jpg 1536w, https:\/\/www.aydinaski.gov.tr\/wp-content\/uploads\/2022\/11\/Konser-5.jpg 2000w\" sizes=\"auto, (max-width: 1024px) 100vw, 1024px\" \/><\/figure>\n\n\n\n<figure class=\"wp-block-image size-large\"><img loading=\"lazy\" decoding=\"async\" width=\"1024\" height=\"577\" data-id=\"2067\" src=\"https:\/\/www.aydinaski.gov.tr\/wp-content\/uploads\/2022\/11\/Konser-7-1024x577.jpg\" alt=\"\" class=\"wp-image-2067\" srcset=\"https:\/\/www.aydinaski.gov.tr\/wp-content\/uploads\/2022\/11\/Konser-7-1024x577.jpg 1024w, https:\/\/www.aydinaski.gov.tr\/wp-content\/uploads\/2022\/11\/Konser-7-300x169.jpg 300w, https:\/\/www.aydinaski.gov.tr\/wp-content\/uploads\/2022\/11\/Konser-7-768x432.jpg 768w, https:\/\/www.aydinaski.gov.tr\/wp-content\/uploads\/2022\/11\/Konser-7-1536x865.jpg 1536w, https:\/\/www.aydinaski.gov.tr\/wp-content\/uploads\/2022\/11\/Konser-7.jpg 2000w\" sizes=\"auto, (max-width: 1024px) 100vw, 1024px\" \/><\/figure>\n\n\n\n<figure class=\"wp-block-image size-large\"><img loading=\"lazy\" decoding=\"async\" width=\"768\" height=\"1024\" data-id=\"2068\" src=\"https:\/\/www.aydinaski.gov.tr\/wp-content\/uploads\/2022\/11\/Konser-8.jpg\" alt=\"\" class=\"wp-image-2068\" srcset=\"https:\/\/www.aydinaski.gov.tr\/wp-content\/uploads\/2022\/11\/Konser-8.jpg 768w, https:\/\/www.aydinaski.gov.tr\/wp-content\/uploads\/2022\/11\/Konser-8-225x300.jpg 225w\" sizes=\"auto, (max-width: 768px) 100vw, 768px\" \/><\/figure>\n\n\n\n<figure class=\"wp-block-image size-large\"><img loading=\"lazy\" decoding=\"async\" width=\"1024\" height=\"577\" data-id=\"2071\" src=\"https:\/\/www.aydinaski.gov.tr\/wp-content\/uploads\/2022\/11\/Konser-10-1024x577.jpg\" alt=\"\" class=\"wp-image-2071\" srcset=\"https:\/\/www.aydinaski.gov.tr\/wp-content\/uploads\/2022\/11\/Konser-10-1024x577.jpg 1024w, https:\/\/www.aydinaski.gov.tr\/wp-content\/uploads\/2022\/11\/Konser-10-300x169.jpg 300w, https:\/\/www.aydinaski.gov.tr\/wp-content\/uploads\/2022\/11\/Konser-10-768x432.jpg 768w, https:\/\/www.aydinaski.gov.tr\/wp-content\/uploads\/2022\/11\/Konser-10-1536x865.jpg 1536w, https:\/\/www.aydinaski.gov.tr\/wp-content\/uploads\/2022\/11\/Konser-10.jpg 2000w\" sizes=\"auto, (max-width: 1024px) 100vw, 1024px\" \/><\/figure>\n\n\n\n<figure class=\"wp-block-image size-large\"><img loading=\"lazy\" decoding=\"async\" width=\"1024\" height=\"577\" data-id=\"2073\" src=\"https:\/\/www.aydinaski.gov.tr\/wp-content\/uploads\/2022\/11\/Konser-11-1024x577.jpg\" alt=\"\" class=\"wp-image-2073\" srcset=\"https:\/\/www.aydinaski.gov.tr\/wp-content\/uploads\/2022\/11\/Konser-11-1024x577.jpg 1024w, https:\/\/www.aydinaski.gov.tr\/wp-content\/uploads\/2022\/11\/Konser-11-300x169.jpg 300w, https:\/\/www.aydinaski.gov.tr\/wp-content\/uploads\/2022\/11\/Konser-11-768x432.jpg 768w, https:\/\/www.aydinaski.gov.tr\/wp-content\/uploads\/2022\/11\/Konser-11-1536x865.jpg 1536w, https:\/\/www.aydinaski.gov.tr\/wp-content\/uploads\/2022\/11\/Konser-11.jpg 2000w\" sizes=\"auto, (max-width: 1024px) 100vw, 1024px\" \/><\/figure>\n<\/figure>\n","protected":false},"excerpt":{"rendered":"<p>Ayd\u0131n B\u00fcy\u00fck\u015fehir Belediyesi, aram\u0131zdan ayr\u0131l\u0131\u015f\u0131n\u0131n 84. y\u0131l d\u00f6n\u00fcm\u00fcnde Gazi Mustafa Kemal Atat\u00fcrk&#8217;\u00fc \u015e\u00fckran G\u00fcng\u00f6r-Y\u0131ld\u0131z Kenter Tiyatro Salonu ve K\u00fclt\u00fcr Merkezi&#8217;nde yap\u0131lan &#8220;Ata&#8217;ya Sayg\u0131 Konseri&#8221;yle and\u0131.<\/p>\n","protected":false},"author":1,"featured_media":2065,"comment_status":"closed","ping_status":"closed","sticky":false,"template":"","format":"standard","meta":{"ngg_post_thumbnail":0,"footnotes":""},"categories":[9],"tags":[],"class_list":["post-2064","post","type-post","status-publish","format-standard","has-post-thumbnail","hentry","category-haberler"],"_links":{"self":[{"href":"https:\/\/www.aydinaski.gov.tr\/index.php\/wp-json\/wp\/v2\/posts\/2064","targetHints":{"allow":["GET"]}}],"collection":[{"href":"https:\/\/www.aydinaski.gov.tr\/index.php\/wp-json\/wp\/v2\/posts"}],"about":[{"href":"https:\/\/www.aydinaski.gov.tr\/index.php\/wp-json\/wp\/v2\/types\/post"}],"author":[{"embeddable":true,"href":"https:\/\/www.aydinaski.gov.tr\/index.php\/wp-json\/wp\/v2\/users\/1"}],"replies":[{"embeddable":true,"href":"https:\/\/www.aydinaski.gov.tr\/index.php\/wp-json\/wp\/v2\/comments?post=2064"}],"version-history":[{"count":2,"href":"https:\/\/www.aydinaski.gov.tr\/index.php\/wp-json\/wp\/v2\/posts\/2064\/revisions"}],"predecessor-version":[{"id":2084,"href":"https:\/\/www.aydinaski.gov.tr\/index.php\/wp-json\/wp\/v2\/posts\/2064\/revisions\/2084"}],"wp:featuredmedia":[{"embeddable":true,"href":"https:\/\/www.aydinaski.gov.tr\/index.php\/wp-json\/wp\/v2\/media\/2065"}],"wp:attachment":[{"href":"https:\/\/www.aydinaski.gov.tr\/index.php\/wp-json\/wp\/v2\/media?parent=2064"}],"wp:term":[{"taxonomy":"category","embeddable":true,"href":"https:\/\/www.aydinaski.gov.tr\/index.php\/wp-json\/wp\/v2\/categories?post=2064"},{"taxonomy":"post_tag","embeddable":true,"href":"https:\/\/www.aydinaski.gov.tr\/index.php\/wp-json\/wp\/v2\/tags?post=2064"}],"curies":[{"name":"wp","href":"https:\/\/api.w.org\/{rel}","templated":true}]}}