{"id":2061,"date":"2022-11-17T16:58:26","date_gmt":"2022-11-17T13:58:26","guid":{"rendered":"https:\/\/www.aydinaski.gov.tr\/?p=2061"},"modified":"2022-11-17T17:05:52","modified_gmt":"2022-11-17T14:05:52","slug":"aydin-buyuksehir-belediyesi-gazi-mustafa-kemal-ataturk-icin-hayir-gerceklestirdi","status":"publish","type":"post","link":"https:\/\/www.aydinaski.gov.tr\/index.php\/2022\/11\/17\/aydin-buyuksehir-belediyesi-gazi-mustafa-kemal-ataturk-icin-hayir-gerceklestirdi\/","title":{"rendered":"AYDIN B\u00dcY\u00dcK\u015eEH\u0130R BELED\u0130YES\u0130, GAZ\u0130 MUSTAFA KEMAL ATAT\u00dcRK \u0130\u00c7\u0130N HAYIR GER\u00c7EKLE\u015eT\u0130RD\u0130"},"content":{"rendered":"\n<p>Ayd\u0131n B\u00fcy\u00fck\u015fehir Belediyesi, Gazi Mustafa Kemal Atat\u00fcrk&#8217;\u00fcn aram\u0131zdan ayr\u0131l\u0131\u015f\u0131n\u0131n 84. y\u0131ld\u00f6n\u00fcm\u00fc nedeniyle tavuk-pilav hayr\u0131 ger\u00e7ekle\u015ftirdi. Hay\u0131rdan alan binlerce vatanda\u015f Gazi Mustafa Kemal Atat\u00fcrk\u2019\u00fc unutmad\u0131\u011f\u0131 i\u00e7in Ayd\u0131n B\u00fcy\u00fck\u015fehir Belediye Ba\u015fkan\u0131 \u00d6zlem \u00c7er\u00e7io\u011flu\u2019na te\u015fekk\u00fcr etti. Vatanda\u015flar Gazi Mustafa Kemal Atat\u00fcrk i\u00e7in yap\u0131lan hayra yo\u011fun ilgi g\u00f6sterip, uzun kuyruklar olu\u015fturdu. Ba\u015fkan \u00c7er\u00e7io\u011flu T\u00fcrkiye Cumhuriyeti\u2019nin kurucusu ulu \u00f6nder Gazi Mustafa Kemal Atat\u00fcrk\u2019\u00fc sayg\u0131 ve \u00f6zlemle and\u0131klar\u0131n\u0131 s\u00f6yledi<\/p>\n","protected":false},"excerpt":{"rendered":"<p>Ayd\u0131n B\u00fcy\u00fck\u015fehir Belediyesi, Gazi Mustafa Kemal Atat\u00fcrk&#8217;\u00fcn aram\u0131zdan ayr\u0131l\u0131\u015f\u0131n\u0131n 84. y\u0131ld\u00f6n\u00fcm\u00fc nedeniyle tavuk-pilav hayr\u0131 ger\u00e7ekle\u015ftirdi.<\/p>\n","protected":false},"author":1,"featured_media":2062,"comment_status":"closed","ping_status":"closed","sticky":false,"template":"","format":"standard","meta":{"ngg_post_thumbnail":0,"footnotes":""},"categories":[9],"tags":[],"class_list":["post-2061","post","type-post","status-publish","format-standard","has-post-thumbnail","hentry","category-haberler"],"_links":{"self":[{"href":"https:\/\/www.aydinaski.gov.tr\/index.php\/wp-json\/wp\/v2\/posts\/2061","targetHints":{"allow":["GET"]}}],"collection":[{"href":"https:\/\/www.aydinaski.gov.tr\/index.php\/wp-json\/wp\/v2\/posts"}],"about":[{"href":"https:\/\/www.aydinaski.gov.tr\/index.php\/wp-json\/wp\/v2\/types\/post"}],"author":[{"embeddable":true,"href":"https:\/\/www.aydinaski.gov.tr\/index.php\/wp-json\/wp\/v2\/users\/1"}],"replies":[{"embeddable":true,"href":"https:\/\/www.aydinaski.gov.tr\/index.php\/wp-json\/wp\/v2\/comments?post=2061"}],"version-history":[{"count":2,"href":"https:\/\/www.aydinaski.gov.tr\/index.php\/wp-json\/wp\/v2\/posts\/2061\/revisions"}],"predecessor-version":[{"id":2085,"href":"https:\/\/www.aydinaski.gov.tr\/index.php\/wp-json\/wp\/v2\/posts\/2061\/revisions\/2085"}],"wp:featuredmedia":[{"embeddable":true,"href":"https:\/\/www.aydinaski.gov.tr\/index.php\/wp-json\/wp\/v2\/media\/2062"}],"wp:attachment":[{"href":"https:\/\/www.aydinaski.gov.tr\/index.php\/wp-json\/wp\/v2\/media?parent=2061"}],"wp:term":[{"taxonomy":"category","embeddable":true,"href":"https:\/\/www.aydinaski.gov.tr\/index.php\/wp-json\/wp\/v2\/categories?post=2061"},{"taxonomy":"post_tag","embeddable":true,"href":"https:\/\/www.aydinaski.gov.tr\/index.php\/wp-json\/wp\/v2\/tags?post=2061"}],"curies":[{"name":"wp","href":"https:\/\/api.w.org\/{rel}","templated":true}]}}