{"id":1969,"date":"2022-11-17T11:19:42","date_gmt":"2022-11-17T08:19:42","guid":{"rendered":"https:\/\/www.aydinaski.gov.tr\/?p=1969"},"modified":"2022-11-17T11:19:42","modified_gmt":"2022-11-17T08:19:42","slug":"buyuksehir-belediyesi-salavatlida-da-calisiyor","status":"publish","type":"post","link":"https:\/\/www.aydinaski.gov.tr\/index.php\/2022\/11\/17\/buyuksehir-belediyesi-salavatlida-da-calisiyor\/","title":{"rendered":"\u201cB\u00dcY\u00dcK\u015eEH\u0130R BELED\u0130YES\u0130 SALAVATLI\u2019DA DA \u00c7ALI\u015eIYOR\u201d"},"content":{"rendered":"\n<p><strong>ASK\u0130, Salavatl\u0131\u2019da da b\u00fcy\u00fck bir altyap\u0131 \u00e7al\u0131\u015fmas\u0131na imza atarken mahalle muhtar\u0131 Kemal Uymaz yap\u0131lan \u00e7al\u0131\u015fmalar\u0131 de\u011ferlendirdi:<\/strong><\/p>\n\n\n\n<p>Ayd\u0131n B\u00fcy\u00fck\u015fehir Belediyesi Ayd\u0131n Su ve Kanalizasyon \u0130daresi Genel M\u00fcd\u00fcrl\u00fc\u011f\u00fc (ASK\u0130), Salavatl\u0131\u2019da 2 bin 500 metrelik isale hatt\u0131n\u0131 yeniliyor. Yap\u0131lan \u00e7al\u0131\u015fmayla ilgili d\u00fc\u015f\u00fcncelerini payla\u015fan Salavatl\u0131 Mahallesi Muhtar\u0131 Kemal Uymaz \u201cHer iste\u011fimiz yerine getiriliyor. Yani B\u00fcy\u00fck\u015fehir Belediyesi \u00e7al\u0131\u015f\u0131yor\u201d ifadelerini kulland\u0131.<br>Ayd\u0131n genelinde sa\u011fl\u0131kl\u0131, uzun \u00f6m\u00fcrl\u00fc ve kesintisiz altyap\u0131 i\u00e7in gece-g\u00fcnd\u00fcz \u00e7al\u0131\u015fan ASK\u0130, Sultanhisar\u2019\u0131n Salavatl\u0131 Mahallesi\u2019nde de vatanda\u015flar\u0131n y\u00fcz\u00fcn\u00fc g\u00fcld\u00fcren bir \u00e7al\u0131\u015fmaya daha imza at\u0131yor. Mahallenin isale hatt\u0131n\u0131 yenilemeye ba\u015flayan ASK\u0130 ekiplerinin \u00e7al\u0131\u015fmalar\u0131n\u0131 de\u011ferlendiren mahalle muhtar\u0131 Uymaz, \u201cBurada 35-40 y\u0131ll\u0131k bir isale hatt\u0131 vard\u0131. Zaman\u0131nda imece usul\u00fc yap\u0131ld\u0131\u011f\u0131 i\u00e7in vatanda\u015flar\u0131n bah\u00e7esinden ge\u00e7iyordu. Fakat zamanla a\u015f\u0131nd\u0131\u011f\u0131 i\u00e7in s\u0131k s\u0131k patl\u0131yordu. Ayr\u0131ca vatanda\u015flar\u0131n bah\u00e7elerinden ge\u00e7mesinden dolay\u0131 ar\u0131za durumunda ar\u0131zay\u0131 bulmak i\u00e7in ayr\u0131 bir s\u0131k\u0131nt\u0131 ya\u015f\u0131yorduk. \u015eimdi 2 bin 500 metrelik isale hatt\u0131 \u00e7al\u0131\u015fmas\u0131 yap\u0131l\u0131yor. Kullan\u0131lan borular \u00f6m\u00fcrl\u00fck. Bir daha bu hatla ilgili bir sorunumuz olmayacak. Bu hattan mahallemizin 24 saat akan kullanma ve i\u00e7me suyu ge\u00e7ecek. Boru hatt\u0131n\u0131n yap\u0131\u015ft\u0131rma i\u015flemleri bitti, \u015fimdi g\u00f6mme i\u015flemine ge\u00e7ildi\u201d dedi.<br>Salavatl\u0131 Mahallesi\u2019nde ASK\u0130\u2019nin bir\u00e7ok yerde altyap\u0131y\u0131 yeniledi\u011finin alt\u0131n\u0131 \u00e7izen Uymaz, \u201cMahallemize her t\u00fcrl\u00fc deste\u011fi al\u0131yoruz. ASK\u0130\u2019nin yan\u0131 s\u0131ra Fen \u0130\u015fleri Dairesi Ba\u015fkanl\u0131\u011f\u0131 da \u00e7ok g\u00fczel \u00e7al\u0131\u015fmalar y\u00fcr\u00fct\u00fcyor. Bir makineye ihtiyac\u0131m\u0131z oldu\u011funda, bir ar\u0131za meydana geldi\u011finde zaman ge\u00e7irmeden yan\u0131m\u0131zda oluyorlar. Yani B\u00fcy\u00fck\u015fehir Belediyemiz \u00e7al\u0131\u015f\u0131yor. Her iste\u011fimiz yerine getiriliyor. Bundan iyisi can sa\u011fl\u0131\u011f\u0131. Ba\u015fta Ayd\u0131n B\u00fcy\u00fck\u015fehir Belediye Ba\u015fkan\u0131m\u0131z \u00d6zlem \u00c7er\u00e7io\u011flu olmak \u00fczere eme\u011fi ge\u00e7en herkese te\u015fekk\u00fcr ediyoruz\u201d ifadelerini kulland\u0131.<\/p>\n\n\n\n<figure class=\"wp-block-gallery has-nested-images columns-default is-cropped wp-block-gallery-1 is-layout-flex wp-block-gallery-is-layout-flex\">\n<figure class=\"wp-block-image size-large\"><img loading=\"lazy\" decoding=\"async\" width=\"683\" height=\"1024\" data-id=\"1971\" src=\"https:\/\/www.aydinaski.gov.tr\/wp-content\/uploads\/2022\/11\/Salavatli-1-683x1024.jpg\" alt=\"\" class=\"wp-image-1971\" srcset=\"https:\/\/www.aydinaski.gov.tr\/wp-content\/uploads\/2022\/11\/Salavatli-1-683x1024.jpg 683w, https:\/\/www.aydinaski.gov.tr\/wp-content\/uploads\/2022\/11\/Salavatli-1-200x300.jpg 200w, https:\/\/www.aydinaski.gov.tr\/wp-content\/uploads\/2022\/11\/Salavatli-1-768x1152.jpg 768w, https:\/\/www.aydinaski.gov.tr\/wp-content\/uploads\/2022\/11\/Salavatli-1-1024x1536.jpg 1024w, https:\/\/www.aydinaski.gov.tr\/wp-content\/uploads\/2022\/11\/Salavatli-1-rotated.jpg 1080w\" sizes=\"auto, (max-width: 683px) 100vw, 683px\" \/><\/figure>\n\n\n\n<figure class=\"wp-block-image size-large\"><img loading=\"lazy\" decoding=\"async\" width=\"683\" height=\"1024\" data-id=\"1973\" src=\"https:\/\/www.aydinaski.gov.tr\/wp-content\/uploads\/2022\/11\/Salavatli-2-683x1024.jpg\" alt=\"\" class=\"wp-image-1973\" srcset=\"https:\/\/www.aydinaski.gov.tr\/wp-content\/uploads\/2022\/11\/Salavatli-2-683x1024.jpg 683w, https:\/\/www.aydinaski.gov.tr\/wp-content\/uploads\/2022\/11\/Salavatli-2-200x300.jpg 200w, https:\/\/www.aydinaski.gov.tr\/wp-content\/uploads\/2022\/11\/Salavatli-2-768x1152.jpg 768w, https:\/\/www.aydinaski.gov.tr\/wp-content\/uploads\/2022\/11\/Salavatli-2-1024x1536.jpg 1024w, https:\/\/www.aydinaski.gov.tr\/wp-content\/uploads\/2022\/11\/Salavatli-2-rotated.jpg 1080w\" sizes=\"auto, (max-width: 683px) 100vw, 683px\" \/><\/figure>\n\n\n\n<figure class=\"wp-block-image size-large\"><img loading=\"lazy\" decoding=\"async\" width=\"1024\" height=\"683\" data-id=\"1976\" src=\"https:\/\/www.aydinaski.gov.tr\/wp-content\/uploads\/2022\/11\/Salavatli-3-1024x683.jpg\" alt=\"\" class=\"wp-image-1976\" srcset=\"https:\/\/www.aydinaski.gov.tr\/wp-content\/uploads\/2022\/11\/Salavatli-3-1024x683.jpg 1024w, https:\/\/www.aydinaski.gov.tr\/wp-content\/uploads\/2022\/11\/Salavatli-3-300x200.jpg 300w, https:\/\/www.aydinaski.gov.tr\/wp-content\/uploads\/2022\/11\/Salavatli-3-768x512.jpg 768w, https:\/\/www.aydinaski.gov.tr\/wp-content\/uploads\/2022\/11\/Salavatli-3-1536x1024.jpg 1536w, https:\/\/www.aydinaski.gov.tr\/wp-content\/uploads\/2022\/11\/Salavatli-3.jpg 1620w\" sizes=\"auto, (max-width: 1024px) 100vw, 1024px\" \/><\/figure>\n\n\n\n<figure class=\"wp-block-image size-large\"><img loading=\"lazy\" decoding=\"async\" width=\"1024\" height=\"683\" data-id=\"1975\" src=\"https:\/\/www.aydinaski.gov.tr\/wp-content\/uploads\/2022\/11\/Salavatli-4-1-1024x683.jpg\" alt=\"\" class=\"wp-image-1975\" srcset=\"https:\/\/www.aydinaski.gov.tr\/wp-content\/uploads\/2022\/11\/Salavatli-4-1-1024x683.jpg 1024w, https:\/\/www.aydinaski.gov.tr\/wp-content\/uploads\/2022\/11\/Salavatli-4-1-300x200.jpg 300w, https:\/\/www.aydinaski.gov.tr\/wp-content\/uploads\/2022\/11\/Salavatli-4-1-768x512.jpg 768w, https:\/\/www.aydinaski.gov.tr\/wp-content\/uploads\/2022\/11\/Salavatli-4-1-1536x1024.jpg 1536w, https:\/\/www.aydinaski.gov.tr\/wp-content\/uploads\/2022\/11\/Salavatli-4-1.jpg 1620w\" sizes=\"auto, (max-width: 1024px) 100vw, 1024px\" \/><\/figure>\n\n\n\n<figure class=\"wp-block-image size-large\"><img loading=\"lazy\" decoding=\"async\" width=\"683\" height=\"1024\" data-id=\"1974\" src=\"https:\/\/www.aydinaski.gov.tr\/wp-content\/uploads\/2022\/11\/Salavatli-5-683x1024.jpg\" alt=\"\" class=\"wp-image-1974\" srcset=\"https:\/\/www.aydinaski.gov.tr\/wp-content\/uploads\/2022\/11\/Salavatli-5-683x1024.jpg 683w, https:\/\/www.aydinaski.gov.tr\/wp-content\/uploads\/2022\/11\/Salavatli-5-200x300.jpg 200w, https:\/\/www.aydinaski.gov.tr\/wp-content\/uploads\/2022\/11\/Salavatli-5-768x1152.jpg 768w, https:\/\/www.aydinaski.gov.tr\/wp-content\/uploads\/2022\/11\/Salavatli-5-1024x1536.jpg 1024w, https:\/\/www.aydinaski.gov.tr\/wp-content\/uploads\/2022\/11\/Salavatli-5-rotated.jpg 1080w\" sizes=\"auto, (max-width: 683px) 100vw, 683px\" \/><\/figure>\n\n\n\n<figure class=\"wp-block-image size-large\"><img loading=\"lazy\" decoding=\"async\" width=\"683\" height=\"1024\" data-id=\"1972\" src=\"https:\/\/www.aydinaski.gov.tr\/wp-content\/uploads\/2022\/11\/Salavatli-6-683x1024.jpg\" alt=\"\" class=\"wp-image-1972\" srcset=\"https:\/\/www.aydinaski.gov.tr\/wp-content\/uploads\/2022\/11\/Salavatli-6-683x1024.jpg 683w, https:\/\/www.aydinaski.gov.tr\/wp-content\/uploads\/2022\/11\/Salavatli-6-200x300.jpg 200w, https:\/\/www.aydinaski.gov.tr\/wp-content\/uploads\/2022\/11\/Salavatli-6-768x1152.jpg 768w, https:\/\/www.aydinaski.gov.tr\/wp-content\/uploads\/2022\/11\/Salavatli-6-1024x1536.jpg 1024w, https:\/\/www.aydinaski.gov.tr\/wp-content\/uploads\/2022\/11\/Salavatli-6-rotated.jpg 1080w\" sizes=\"auto, (max-width: 683px) 100vw, 683px\" \/><\/figure>\n<\/figure>\n","protected":false},"excerpt":{"rendered":"<p>\u201cB\u00dcY\u00dcK\u015eEH\u0130R BELED\u0130YES\u0130 SALAVATLI\u2019DA DA \u00c7ALI\u015eIYOR\u201d<br \/>\nASK\u0130, Salavatl\u0131\u2019da da b\u00fcy\u00fck bir altyap\u0131 \u00e7al\u0131\u015fmas\u0131na imza atarken mahalle muhtar\u0131 Kemal Uymaz yap\u0131lan \u00e7al\u0131\u015fmalar\u0131 de\u011ferlendi<\/p>\n","protected":false},"author":1,"featured_media":1970,"comment_status":"closed","ping_status":"","sticky":false,"template":"","format":"standard","meta":{"ngg_post_thumbnail":0,"footnotes":""},"categories":[9],"tags":[],"class_list":["post-1969","post","type-post","status-publish","format-standard","has-post-thumbnail","hentry","category-haberler"],"_links":{"self":[{"href":"https:\/\/www.aydinaski.gov.tr\/index.php\/wp-json\/wp\/v2\/posts\/1969","targetHints":{"allow":["GET"]}}],"collection":[{"href":"https:\/\/www.aydinaski.gov.tr\/index.php\/wp-json\/wp\/v2\/posts"}],"about":[{"href":"https:\/\/www.aydinaski.gov.tr\/index.php\/wp-json\/wp\/v2\/types\/post"}],"author":[{"embeddable":true,"href":"https:\/\/www.aydinaski.gov.tr\/index.php\/wp-json\/wp\/v2\/users\/1"}],"replies":[{"embeddable":true,"href":"https:\/\/www.aydinaski.gov.tr\/index.php\/wp-json\/wp\/v2\/comments?post=1969"}],"version-history":[{"count":1,"href":"https:\/\/www.aydinaski.gov.tr\/index.php\/wp-json\/wp\/v2\/posts\/1969\/revisions"}],"predecessor-version":[{"id":1977,"href":"https:\/\/www.aydinaski.gov.tr\/index.php\/wp-json\/wp\/v2\/posts\/1969\/revisions\/1977"}],"wp:featuredmedia":[{"embeddable":true,"href":"https:\/\/www.aydinaski.gov.tr\/index.php\/wp-json\/wp\/v2\/media\/1970"}],"wp:attachment":[{"href":"https:\/\/www.aydinaski.gov.tr\/index.php\/wp-json\/wp\/v2\/media?parent=1969"}],"wp:term":[{"taxonomy":"category","embeddable":true,"href":"https:\/\/www.aydinaski.gov.tr\/index.php\/wp-json\/wp\/v2\/categories?post=1969"},{"taxonomy":"post_tag","embeddable":true,"href":"https:\/\/www.aydinaski.gov.tr\/index.php\/wp-json\/wp\/v2\/tags?post=1969"}],"curies":[{"name":"wp","href":"https:\/\/api.w.org\/{rel}","templated":true}]}}