{"id":1958,"date":"2022-11-17T11:12:40","date_gmt":"2022-11-17T08:12:40","guid":{"rendered":"https:\/\/www.aydinaski.gov.tr\/?p=1958"},"modified":"2022-11-17T11:15:48","modified_gmt":"2022-11-17T08:15:48","slug":"aydin-buyuksehir-belediyesi-sabahlari-sicak-corba-ikramina-basladi","status":"publish","type":"post","link":"https:\/\/www.aydinaski.gov.tr\/index.php\/2022\/11\/17\/aydin-buyuksehir-belediyesi-sabahlari-sicak-corba-ikramina-basladi\/","title":{"rendered":"AYDIN B\u00dcY\u00dcK\u015eEH\u0130R BELED\u0130YES\u0130 SABAHLARI SICAK \u00c7ORBA \u0130KRAMINA BA\u015eLADI"},"content":{"rendered":"\n<p>Ayd\u0131n B\u00fcy\u00fck\u015fehir Belediyesi, havalar\u0131n serinlemesiyle birlikte ge\u00e7en y\u0131llarda oldu\u011fu gibi bu y\u0131l da \u00e7orba ikram\u0131na ba\u015flad\u0131. \u00c7orba ikram\u0131 vatanda\u015flar\u0131n g\u00fcne s\u0131cak bir \u00e7orbayla ba\u015flamas\u0131 i\u00e7in \u00f6zellikle pazaryerlerinde sosyal belediyecilik anlay\u0131\u015f\u0131yla yap\u0131l\u0131yor. Sabah erken saatlerde ikram edilen s\u0131cak \u00e7orbadan alan vatanda\u015flar, bu hizmet i\u00e7in Ayd\u0131n B\u00fcy\u00fck\u015fehir Belediye Ba\u015fkan\u0131 \u00d6zlem \u00c7er\u00e7io\u011flu\u2019na te\u015fekk\u00fcr etti.<\/p>\n\n\n\n<p>Ayd\u0131n B\u00fcy\u00fck\u015fehir Belediyesi A\u015fevi\u2019nde haz\u0131rlan\u0131p \u00f6zellikle pazaryerlerindeki \u00e7orba ikram\u0131ndan g\u00fcne \u00e7ok erken ba\u015flay\u0131p kahvalt\u0131 yapma imk\u00e2n\u0131 bulamayan pazarc\u0131 esnaf\u0131 faydalan\u0131yor. \u0130kram, Ayd\u0131n genelinde vatanda\u015flar\u0131n en yo\u011fun oldu\u011fu yerler olan pazarlarda yap\u0131l\u0131yor. Vatanda\u015flar ise \u00e7orba hizmeti i\u00e7in Ba\u015fkan \u00c7er\u00e7io\u011flu\u2019na te\u015fekk\u00fcr ediyor.<\/p>\n\n\n\n<p>\u00c7orba ikram\u0131 bug\u00fcn Ayd\u0131n\u2019\u0131n en b\u00fcy\u00fck pazar\u0131n\u0131n kuruldu\u011fu Sal\u0131 Pazar\u0131\u2019nda yap\u0131ld\u0131. \u00c7orba ikram\u0131 Efeler\u2019de Zafer Mahallesi\u2019nde be\u015f farkl\u0131 noktada (Zafer Meydan\u0131, Ya\u011fc\u0131lar \u0130\u00e7i, Ticaret Lisesi \u00f6n\u00fc, Ayakkab\u0131c\u0131lar \u00c7ar\u015f\u0131s\u0131 ve Bit Pazar\u0131) yap\u0131ld\u0131. Ayr\u0131ca da\u011f\u0131t\u0131m Bozdo\u011fan\u2019da pazaryeri i\u00e7erisinde, S\u00f6ke Ba\u011faras\u0131 Pazar\u0131\u2019nda, Nazilli Aydo\u011fdu Mahallesi\u2019nde ve Ku\u015fadas\u0131\u2019nda Hac\u0131feyzullah Mahallesi\u2019ndeki kapal\u0131 pazaryerinde de yap\u0131ld\u0131.<\/p>\n\n\n\n<figure class=\"wp-block-gallery has-nested-images columns-default is-cropped wp-block-gallery-1 is-layout-flex wp-block-gallery-is-layout-flex\">\n<figure class=\"wp-block-image size-large\"><img loading=\"lazy\" decoding=\"async\" width=\"682\" height=\"1024\" data-id=\"1960\" src=\"https:\/\/www.aydinaski.gov.tr\/wp-content\/uploads\/2022\/11\/Corba_Ikrami-1.jpg\" alt=\"\" class=\"wp-image-1960\" srcset=\"https:\/\/www.aydinaski.gov.tr\/wp-content\/uploads\/2022\/11\/Corba_Ikrami-1.jpg 682w, https:\/\/www.aydinaski.gov.tr\/wp-content\/uploads\/2022\/11\/Corba_Ikrami-1-200x300.jpg 200w\" sizes=\"auto, (max-width: 682px) 100vw, 682px\" \/><\/figure>\n\n\n\n<figure class=\"wp-block-image size-large\"><img loading=\"lazy\" decoding=\"async\" width=\"1024\" height=\"682\" data-id=\"1964\" src=\"https:\/\/www.aydinaski.gov.tr\/wp-content\/uploads\/2022\/11\/Corba_Ikrami-2-1.jpg\" alt=\"\" class=\"wp-image-1964\" srcset=\"https:\/\/www.aydinaski.gov.tr\/wp-content\/uploads\/2022\/11\/Corba_Ikrami-2-1.jpg 1024w, https:\/\/www.aydinaski.gov.tr\/wp-content\/uploads\/2022\/11\/Corba_Ikrami-2-1-300x200.jpg 300w, https:\/\/www.aydinaski.gov.tr\/wp-content\/uploads\/2022\/11\/Corba_Ikrami-2-1-768x512.jpg 768w\" sizes=\"auto, (max-width: 1024px) 100vw, 1024px\" \/><\/figure>\n\n\n\n<figure class=\"wp-block-image size-large\"><img loading=\"lazy\" decoding=\"async\" width=\"682\" height=\"1024\" data-id=\"1962\" src=\"https:\/\/www.aydinaski.gov.tr\/wp-content\/uploads\/2022\/11\/Corba_Ikrami-3.jpg\" alt=\"\" class=\"wp-image-1962\" srcset=\"https:\/\/www.aydinaski.gov.tr\/wp-content\/uploads\/2022\/11\/Corba_Ikrami-3.jpg 682w, https:\/\/www.aydinaski.gov.tr\/wp-content\/uploads\/2022\/11\/Corba_Ikrami-3-200x300.jpg 200w\" sizes=\"auto, (max-width: 682px) 100vw, 682px\" \/><\/figure>\n\n\n\n<figure class=\"wp-block-image size-large\"><img loading=\"lazy\" decoding=\"async\" width=\"1024\" height=\"682\" data-id=\"1961\" src=\"https:\/\/www.aydinaski.gov.tr\/wp-content\/uploads\/2022\/11\/Corba_Ikrami-4.jpg\" alt=\"\" class=\"wp-image-1961\" srcset=\"https:\/\/www.aydinaski.gov.tr\/wp-content\/uploads\/2022\/11\/Corba_Ikrami-4.jpg 1024w, https:\/\/www.aydinaski.gov.tr\/wp-content\/uploads\/2022\/11\/Corba_Ikrami-4-300x200.jpg 300w, https:\/\/www.aydinaski.gov.tr\/wp-content\/uploads\/2022\/11\/Corba_Ikrami-4-768x512.jpg 768w\" sizes=\"auto, (max-width: 1024px) 100vw, 1024px\" \/><\/figure>\n\n\n\n<figure class=\"wp-block-image size-large\"><img loading=\"lazy\" decoding=\"async\" width=\"1024\" height=\"682\" data-id=\"1963\" src=\"https:\/\/www.aydinaski.gov.tr\/wp-content\/uploads\/2022\/11\/Corba_Ikrami-5.jpg\" alt=\"\" class=\"wp-image-1963\" srcset=\"https:\/\/www.aydinaski.gov.tr\/wp-content\/uploads\/2022\/11\/Corba_Ikrami-5.jpg 1024w, https:\/\/www.aydinaski.gov.tr\/wp-content\/uploads\/2022\/11\/Corba_Ikrami-5-300x200.jpg 300w, https:\/\/www.aydinaski.gov.tr\/wp-content\/uploads\/2022\/11\/Corba_Ikrami-5-768x512.jpg 768w\" sizes=\"auto, (max-width: 1024px) 100vw, 1024px\" \/><\/figure>\n<\/figure>\n","protected":false},"excerpt":{"rendered":"<p>Ayd\u0131n B\u00fcy\u00fck\u015fehir Belediyesi, havalar\u0131n serinlemesiyle birlikte ge\u00e7en y\u0131llarda oldu\u011fu gibi bu y\u0131l da \u00e7orba ikram\u0131na ba\u015flad\u0131.<\/p>\n","protected":false},"author":1,"featured_media":1959,"comment_status":"closed","ping_status":"closed","sticky":false,"template":"","format":"standard","meta":{"ngg_post_thumbnail":0,"footnotes":""},"categories":[9],"tags":[],"class_list":["post-1958","post","type-post","status-publish","format-standard","has-post-thumbnail","hentry","category-haberler"],"_links":{"self":[{"href":"https:\/\/www.aydinaski.gov.tr\/index.php\/wp-json\/wp\/v2\/posts\/1958","targetHints":{"allow":["GET"]}}],"collection":[{"href":"https:\/\/www.aydinaski.gov.tr\/index.php\/wp-json\/wp\/v2\/posts"}],"about":[{"href":"https:\/\/www.aydinaski.gov.tr\/index.php\/wp-json\/wp\/v2\/types\/post"}],"author":[{"embeddable":true,"href":"https:\/\/www.aydinaski.gov.tr\/index.php\/wp-json\/wp\/v2\/users\/1"}],"replies":[{"embeddable":true,"href":"https:\/\/www.aydinaski.gov.tr\/index.php\/wp-json\/wp\/v2\/comments?post=1958"}],"version-history":[{"count":3,"href":"https:\/\/www.aydinaski.gov.tr\/index.php\/wp-json\/wp\/v2\/posts\/1958\/revisions"}],"predecessor-version":[{"id":1967,"href":"https:\/\/www.aydinaski.gov.tr\/index.php\/wp-json\/wp\/v2\/posts\/1958\/revisions\/1967"}],"wp:featuredmedia":[{"embeddable":true,"href":"https:\/\/www.aydinaski.gov.tr\/index.php\/wp-json\/wp\/v2\/media\/1959"}],"wp:attachment":[{"href":"https:\/\/www.aydinaski.gov.tr\/index.php\/wp-json\/wp\/v2\/media?parent=1958"}],"wp:term":[{"taxonomy":"category","embeddable":true,"href":"https:\/\/www.aydinaski.gov.tr\/index.php\/wp-json\/wp\/v2\/categories?post=1958"},{"taxonomy":"post_tag","embeddable":true,"href":"https:\/\/www.aydinaski.gov.tr\/index.php\/wp-json\/wp\/v2\/tags?post=1958"}],"curies":[{"name":"wp","href":"https:\/\/api.w.org\/{rel}","templated":true}]}}