{"id":1783,"date":"2022-11-11T11:31:13","date_gmt":"2022-11-11T08:31:13","guid":{"rendered":"http:\/\/91.93.60.21\/?p=1783"},"modified":"2022-11-11T12:11:09","modified_gmt":"2022-11-11T09:11:09","slug":"aski-kasim-2022-olagan-genel-kurul-gundemi","status":"publish","type":"post","link":"https:\/\/www.aydinaski.gov.tr\/index.php\/2022\/11\/11\/aski-kasim-2022-olagan-genel-kurul-gundemi\/","title":{"rendered":"Aski Kas\u0131m 2022 Ola\u011fan Genel Kurul G\u00fcndemi"},"content":{"rendered":"\n<p class=\"has-text-align-center\"><strong>T.C.<\/strong><\/p>\n\n\n\n<p class=\"has-text-align-center\"><strong>AYDIN B\u00dcY\u00dcK\u015eEH\u0130R BELED\u0130YE BA\u015eKANLI\u011eI<\/strong><\/p>\n\n\n\n<p class=\"has-text-align-center\"><strong>AYDIN SU VE KANAL\u0130ZASYON \u0130DARES\u0130 (ASK\u0130) GENEL M\u00dcD\u00dcRL\u00dc\u011e\u00dc<\/strong><\/p>\n\n\n\n<p><\/p>\n\n\n\n<p>&nbsp;&nbsp; &nbsp;&nbsp; &nbsp;&nbsp;&nbsp;&nbsp;&nbsp;&nbsp;&nbsp;&nbsp;&nbsp;&nbsp;&nbsp;&nbsp;&nbsp;&nbsp;&nbsp; Ayd\u0131n Su ve Kanalizasyon \u0130daresi (ASK\u0130) Genel Kurul Toplant\u0131s\u0131 2560 Say\u0131l\u0131 Su ve Kanalizasyon \u0130daresi Kanunu\u2019nun 5\u2019inci maddesi gere\u011fince 08 Kas\u0131m 2022 Sal\u0131 g\u00fcn\u00fc saat 14:30\u2019da a\u015fa\u011f\u0131daki g\u00fcndem maddelerini g\u00f6r\u00fc\u015fmek \u00fczere G\u00fczelhisar Mahallesi \u0130stiklal Caddesi No:4\u2019de B\u00fcy\u00fck\u015fehir Belediye Hizmet Binas\u0131nda bulunan Meclis Salonunda Kas\u0131m Ay\u0131 Ola\u011fan toplant\u0131s\u0131n\u0131 yapacakt\u0131r.<\/p>\n\n\n\n<p>&nbsp;&nbsp;&nbsp;&nbsp;&nbsp;&nbsp;&nbsp;&nbsp;&nbsp;&nbsp;&nbsp;&nbsp;&nbsp;&nbsp;&nbsp;&nbsp; Kamuoyuna duyurulur.<\/p>\n\n\n\n<p><\/p>\n\n\n\n<p class=\"has-text-align-right\"><strong>Evrim Karag\u00f6z<\/strong><\/p>\n\n\n\n<p class=\"has-text-align-right\"><strong>B\u00fcy\u00fck\u015fehir Belediye Ba\u015fkan Vekili<\/strong><\/p>\n\n\n\n<p><strong><u>G\u00dcNDEM:<\/u><\/strong><\/p>\n\n\n\n<p>1. ASK\u0130 Genel M\u00fcd\u00fcrl\u00fc\u011f\u00fc 2023 Mali Y\u0131l\u0131 Performans Program\u0131n\u0131n g\u00f6r\u00fc\u015f\u00fclmesi<\/p>\n\n\n\n<p>2. ASK\u0130 Genel M\u00fcd\u00fcrl\u00fc\u011f\u00fc 2023 Y\u0131l\u0131 Gelir \u00dccret Tarifesinin g\u00f6r\u00fc\u015f\u00fclmesi<\/p>\n\n\n\n<p>3. ASK\u0130 Genel M\u00fcd\u00fcrl\u00fc\u011f\u00fc 2023 Mali Y\u0131l\u0131 B\u00fct\u00e7e Tasar\u0131s\u0131n\u0131n g\u00f6r\u00fc\u015f\u00fclmesi<\/p>\n\n\n\n<p>4. ASK\u0130 Genel M\u00fcd\u00fcrl\u00fc\u011f\u00fc 2022 Mali Y\u0131l\u0131 Gider B\u00fct\u00e7esine ait Ek \u00d6denek talebinin g\u00f6r\u00fc\u015f\u00fclmesi<\/p>\n\n\n\n<p>5. ASK\u0130 Genel M\u00fcd\u00fcrl\u00fc\u011f\u00fcnde 2023 y\u0131l\u0131nda \u00e7al\u0131\u015ft\u0131r\u0131lacak s\u00f6zle\u015fmeli personele \u00f6denecek \u00fccretlerin belirlenmesi ve halihaz\u0131rda bulunan s\u00f6zle\u015fmeli personel s\u00f6zle\u015fmelerinin yenilenmesi ile 2023 y\u0131l\u0131 i\u00e7erisinde akdedilecek s\u00f6zle\u015fmeleri imzalamak \u00fczere Genel M\u00fcd\u00fcr\u2019e yetki verilmesi hususlar\u0131n\u0131n g\u00f6r\u00fc\u015f\u00fclmesi<\/p>\n\n\n\n<p>6. ASK\u0130 Genel M\u00fcd\u00fcrl\u00fc\u011f\u00fc Norm Kadro De\u011fi\u015fikliklerinin g\u00f6r\u00fc\u015f\u00fclmesi<\/p>\n","protected":false},"excerpt":{"rendered":"<p>T.C. AYDIN B\u00dcY\u00dcK\u015eEH\u0130R BELED\u0130YE BA\u015eKANLI\u011eI AYDIN SU VE KANAL\u0130ZASYON \u0130DARES\u0130 (ASK\u0130) GENEL M\u00dcD\u00dcRL\u00dc\u011e\u00dc &nbsp;&nbsp; &nbsp;&nbsp; &nbsp;&nbsp;&nbsp;&nbsp;&nbsp;&nbsp;&nbsp;&nbsp;&nbsp;&nbsp;&nbsp;&nbsp;&nbsp;&nbsp;&nbsp; Ayd\u0131n Su ve Kanalizasyon \u0130daresi (ASK\u0130) Genel Kurul Toplant\u0131s\u0131 2560 Say\u0131l\u0131 Su ve Kanalizasyon \u0130daresi Kanunu\u2019nun 5\u2019inci maddesi gere\u011fince 08 Kas\u0131m 2022 Sal\u0131 g\u00fcn\u00fc saat 14:30\u2019da a\u015fa\u011f\u0131daki g\u00fcndem maddelerini g\u00f6r\u00fc\u015fmek \u00fczere G\u00fczelhisar Mahallesi \u0130stiklal Caddesi No:4\u2019de B\u00fcy\u00fck\u015fehir Belediye Hizmet [&hellip;]<\/p>\n","protected":false},"author":1,"featured_media":1410,"comment_status":"closed","ping_status":"","sticky":false,"template":"","format":"standard","meta":{"ngg_post_thumbnail":0,"footnotes":""},"categories":[12],"tags":[],"class_list":["post-1783","post","type-post","status-publish","format-standard","has-post-thumbnail","hentry","category-duyurular"],"_links":{"self":[{"href":"https:\/\/www.aydinaski.gov.tr\/index.php\/wp-json\/wp\/v2\/posts\/1783","targetHints":{"allow":["GET"]}}],"collection":[{"href":"https:\/\/www.aydinaski.gov.tr\/index.php\/wp-json\/wp\/v2\/posts"}],"about":[{"href":"https:\/\/www.aydinaski.gov.tr\/index.php\/wp-json\/wp\/v2\/types\/post"}],"author":[{"embeddable":true,"href":"https:\/\/www.aydinaski.gov.tr\/index.php\/wp-json\/wp\/v2\/users\/1"}],"replies":[{"embeddable":true,"href":"https:\/\/www.aydinaski.gov.tr\/index.php\/wp-json\/wp\/v2\/comments?post=1783"}],"version-history":[{"count":2,"href":"https:\/\/www.aydinaski.gov.tr\/index.php\/wp-json\/wp\/v2\/posts\/1783\/revisions"}],"predecessor-version":[{"id":1788,"href":"https:\/\/www.aydinaski.gov.tr\/index.php\/wp-json\/wp\/v2\/posts\/1783\/revisions\/1788"}],"wp:featuredmedia":[{"embeddable":true,"href":"https:\/\/www.aydinaski.gov.tr\/index.php\/wp-json\/wp\/v2\/media\/1410"}],"wp:attachment":[{"href":"https:\/\/www.aydinaski.gov.tr\/index.php\/wp-json\/wp\/v2\/media?parent=1783"}],"wp:term":[{"taxonomy":"category","embeddable":true,"href":"https:\/\/www.aydinaski.gov.tr\/index.php\/wp-json\/wp\/v2\/categories?post=1783"},{"taxonomy":"post_tag","embeddable":true,"href":"https:\/\/www.aydinaski.gov.tr\/index.php\/wp-json\/wp\/v2\/tags?post=1783"}],"curies":[{"name":"wp","href":"https:\/\/api.w.org\/{rel}","templated":true}]}}